{"id":26255,"date":"2026-04-30T20:16:18","date_gmt":"2026-04-30T23:16:18","guid":{"rendered":"https:\/\/laserenaradio.cl\/web\/?p=26255"},"modified":"2026-04-30T20:16:18","modified_gmt":"2026-04-30T23:16:18","slug":"la-remontada-del-bitcoin-se-trunca-por-la-reunion-de-la-fed","status":"publish","type":"post","link":"https:\/\/laserenaradio.cl\/web\/2026\/04\/30\/la-remontada-del-bitcoin-se-trunca-por-la-reunion-de-la-fed\/","title":{"rendered":"La remontada del bitcoin se trunca por la Reuni\u00f3n de la Fed"},"content":{"rendered":"<p>El movimiento de la Reserva Federal de Estados Unidos marc\u00f3 un punto de inflexi\u00f3n para el mercado de criptomonedas. Durante el \u00faltimo ciclo alcista del bitcoin, los inversores anticiparon que el nombramiento de un nuevo presidente de la Fed, m\u00e1s inclinado a reducir tasas, responder\u00eda a las presiones de Donald Trump.  <\/p>\n<p>La subida del activo se detuvo al superar la barrera de los 80.000 d\u00f3lares, un nivel que ha sido un obst\u00e1culo constante en su recuperaci\u00f3n desde febrero. Sin embargo, el precio ha subido un 30% desde los 60.000 d\u00f3lares registrados al inicio del a\u00f1o.  <\/p>\n<p>Los analistas destacan la divisi\u00f3n interna en la Fed. La votaci\u00f3n final mostr\u00f3 8 votos en contra de 4, el mayor desacuerdo desde 1992. Las tensiones se intensificaron por la guerra en Ir\u00e1n, cuyas consecuencias podr\u00edan influir en la inflaci\u00f3n y el crecimiento, elementos centrales para las decisiones monetarias.  <\/p>\n<p>La guerra en el fondo de los mercados limita los cambios significativos en la pol\u00edtica monetaria bajo la era de Kevin Warsh. Las presiones inflacionarias por el aumento del petr\u00f3leo dificultan ajustes a la baja. Adem\u00e1s, la estructura interna de la Fed complica un giro dr\u00e1stico.  <\/p>\n<p>Con los nuevos escenarios de la Fed, el bitcoin sigue esperando una recuperaci\u00f3n, aunque su cotizaci\u00f3n se mantiene en torno a los 76.000 d\u00f3lares.<\/p>\n<p><small><i><strong>Aviso de transparencia:<\/strong> Este art\u00edculo ha sido elaborado con la asistencia de Inteligencia Artificial para optimizar el procesamiento de informaci\u00f3n. Sin embargo, todo el contenido ha sido revisado, editado y validado por el equipo period\u00edstico de <strong><a href=\"https:\/\/laserenaradio.cl\/web\/\">LaSerenaRadio.cl<\/a><\/strong>, garantizando nuestra l\u00ednea editorial y veracidad informativa.<\/i><\/small><\/p>\n","protected":false},"excerpt":{"rendered":"<p>El movimiento de la Reserva Federal de Estados Unidos marc\u00f3 un punto de inflexi\u00f3n para el mercado de criptomonedas. Durante el \u00faltimo ciclo alcista del bitcoin, los inversores anticiparon que el nombramiento de un nuevo presidente de la Fed, m\u00e1s inclinado a reducir tasas, responder\u00eda a las presiones de Donald Trump. La subida del activo [&hellip;]<\/p>\n","protected":false},"author":2,"featured_media":26254,"comment_status":"closed","ping_status":"open","sticky":false,"template":"","format":"standard","meta":{"_jetpack_memberships_contains_paid_content":false,"jnews-multi-image_gallery":[],"jnews_single_post":[],"jnews_primary_category":[],"jnews_social_meta":[],"jnews_paywall_metabox":[],"jnews_review":[],"enable_review":"","type":"","name":"","summary":"","brand":"","sku":"","good":[],"bad":[],"score_override":"","override_value":"","rating":[],"price":[],"jnews_override_counter":[],"jnews_post_split":[],"footnotes":""},"categories":[85],"tags":[],"class_list":["post-26255","post","type-post","status-publish","format-standard","has-post-thumbnail","hentry","category-economia"],"jetpack_featured_media_url":"https:\/\/laserenaradio.cl\/web\/wp-content\/uploads\/2026\/04\/mediapiaiextstaticimg_webpFedbitcoindesdepresiones_1.webp","jetpack_sharing_enabled":true,"_links":{"self":[{"href":"https:\/\/laserenaradio.cl\/web\/wp-json\/wp\/v2\/posts\/26255","targetHints":{"allow":["GET"]}}],"collection":[{"href":"https:\/\/laserenaradio.cl\/web\/wp-json\/wp\/v2\/posts"}],"about":[{"href":"https:\/\/laserenaradio.cl\/web\/wp-json\/wp\/v2\/types\/post"}],"author":[{"embeddable":true,"href":"https:\/\/laserenaradio.cl\/web\/wp-json\/wp\/v2\/users\/2"}],"replies":[{"embeddable":true,"href":"https:\/\/laserenaradio.cl\/web\/wp-json\/wp\/v2\/comments?post=26255"}],"version-history":[{"count":1,"href":"https:\/\/laserenaradio.cl\/web\/wp-json\/wp\/v2\/posts\/26255\/revisions"}],"predecessor-version":[{"id":26256,"href":"https:\/\/laserenaradio.cl\/web\/wp-json\/wp\/v2\/posts\/26255\/revisions\/26256"}],"wp:featuredmedia":[{"embeddable":true,"href":"https:\/\/laserenaradio.cl\/web\/wp-json\/wp\/v2\/media\/26254"}],"wp:attachment":[{"href":"https:\/\/laserenaradio.cl\/web\/wp-json\/wp\/v2\/media?parent=26255"}],"wp:term":[{"taxonomy":"category","embeddable":true,"href":"https:\/\/laserenaradio.cl\/web\/wp-json\/wp\/v2\/categories?post=26255"},{"taxonomy":"post_tag","embeddable":true,"href":"https:\/\/laserenaradio.cl\/web\/wp-json\/wp\/v2\/tags?post=26255"}],"curies":[{"name":"wp","href":"https:\/\/api.w.org\/{rel}","templated":true}]}}