{"id":26252,"date":"2026-04-30T20:12:09","date_gmt":"2026-04-30T23:12:09","guid":{"rendered":"https:\/\/laserenaradio.cl\/web\/?p=26252"},"modified":"2026-04-30T20:12:09","modified_gmt":"2026-04-30T23:12:09","slug":"ministra-maria-jesus-wulf-buscamos-que-los-ninos-crezcan-en-entornos-digitales-seguros","status":"publish","type":"post","link":"https:\/\/laserenaradio.cl\/web\/2026\/04\/30\/ministra-maria-jesus-wulf-buscamos-que-los-ninos-crezcan-en-entornos-digitales-seguros\/","title":{"rendered":"Ministra Mar\u00eda Jes\u00fas Wulf: \u201cBuscamos que los ni\u00f1os crezcan en entornos digitales seguros\u201d"},"content":{"rendered":"<p>La Ministra de Desarrollo Social y Familia visit\u00f3 la regi\u00f3n de Coquimbo donde realiz\u00f3 un completo despliegue territorial con actividades con cuidadores del Programa Red Local de Apoyos y Cuidados, con integrantes del Club de Adulto Mayor \u201cRevelaci\u00f3n 2001\u201d, se reuni\u00f3 con una  Familia de Acogida, encabez\u00f3 la Ceremonia de Certificaci\u00f3n de la \u201cEscuela de Emprendimiento para Personas con Discapacidad y Cuidadores\u201d y comparti\u00f3 con decenas de ni\u00f1os y adolescentes para conocer c\u00f3mo ellos se relacionan con las Redes Sociales y las Nuevas Tecnolog\u00edas.<\/p>\n<p>Durante la jornada, la Ministra Wulf particip\u00f3 de una Jornada de Autocuidado destinada a personas cuidadoras beneficiarias del Programa Red Local de Apoyos y Cuidados (PRLAC), con espacios y servicios orientados al descanso y la recreaci\u00f3n. La actividad cont\u00f3 con distintos stands informativos para orientar y acercar la oferta program\u00e1tica, y otros dirigidos al autocuidado de cuidadores y de personas de cuidado, como manicure, masajes y peluquer\u00eda.<\/p>\n<p>En su visita, la Ministra se reuni\u00f3 con una decena de ni\u00f1os y adolescentes y particip\u00f3 del Di\u00e1logo activo con Consejo Consultivo Comunal Vicu\u00f1a de Ni\u00f1os Ni\u00f1as y Adolescentes: \u201cPlan entornos Digitales Seguros\u201d. En la oportunidad, comparti\u00f3 con ni\u00f1as y ni\u00f1os entre 8 a 16 a\u00f1os con quienes abord\u00f3 su relaci\u00f3n con las Redes Sociales, internet, el uso de la IA y las nuevas plataformas.<\/p>\n<p>Tras conversar con los ni\u00f1os y adolescentes, la Ministra de Estado manifest\u00f3, \u201ceste es un problema real para las familias que marca una tendencia creciente. Nosotros queremos ayudarlos con una regulaci\u00f3n que busca generar entornos digitales seguros. La idea es detectar y regular d\u00f3nde est\u00e1 el riesgo\u201d.<\/p>\n<p>La autoridad destac\u00f3 que,\u201ces importante preguntarse qu\u00e9 est\u00e1n perdiendo hoy nuestros adolescentes mientras pasan m\u00e1s de tres horas diarias en feeds algor\u00edtmicos: tiempo de sue\u00f1o, tiempo de familia, tiempo de juego, tiempo de aprendizaje, tiempo de aburrimiento creativo. Esta regulaci\u00f3n no les quita nada esencial. Les devuelve algo que ya est\u00e1n perdiendo\u201d.<\/p>\n<p>Esta semana, la ministra se reuni\u00f3 con especialistas en el tema para intercambiar ideas sobre los efectos del uso intensivo de pantallas, el ciberacoso y la exposici\u00f3n a contenidos nocivos en plataformas algor\u00edtmicas. Esta actividad dio inicio al trabajo de elaboraci\u00f3n del proyecto de ley. Y hoy, en la regi\u00f3n de Coquimbo, a trav\u00e9s del Consejo Consultivo con adolescentes, la agenda continu\u00f3, esta vez, escuchando a los j\u00f3venes.<\/p>\n<p>\u201cEs importante el di\u00e1logo con nuestros ni\u00f1os y j\u00f3venes, saber que piensan y que sienten, conocer la opini\u00f3n de c\u00f3mo ven a sus autoridades y las decisiones que toman, fue muy gratificante la conversaci\u00f3n\u201d, se\u00f1al\u00f3 el Delegado Presidencial, V\u00edctor Pino.<\/p>\n<p>Esta actividad se enmarca en la Pol\u00edtica Nacional de Entornos Digitales Seguros, iniciativa que ya est\u00e1 en marcha y que recoge la opini\u00f3n de la sociedad civil, y que se convertir\u00e1 en un proyecto de ley que en los pr\u00f3ximos meses se enviar\u00e1 al Congreso.<\/p>\n<p>DATOS.<\/p>\n<p>Seg\u00fan dato de la Encuesta Longitudinal de Primera Infancia (ELPI 2024), publicada por el Observatorio Social del Ministerio de Desarrollo Social y Familia (representativa de adolescentes entre 14 y 18):<\/p>\n<p>M\u00e1s de cuatro de cada diez adolescentes se quedan despiertos todos los d\u00edas mirando el celular despu\u00e9s de acostarse;<\/p>\n<p>M\u00e1s de la mitad usa aplicaciones como Instagram, TikTok, o YouTube tres horas o m\u00e1s al d\u00eda;<\/p>\n<p>Uno de cada siete adolescentes ha sido v\u00edctima de ciberacoso digital en el \u00faltimo a\u00f1o.<\/p>\n<p>En el grupo de mujeres adolescentes, una de cada tres presenta s\u00edntomas moderados o severos de ansiedad o depresi\u00f3n.<\/p>\n<p>A nivel internacional, Internet Watch Foundation report\u00f3 en 2024 m\u00e1s de 290.000 p\u00e1ginas removidas con material de abuso sexual infantil, un aumento del 5% respecto del a\u00f1o anterior. Y Amnist\u00eda Internacional document\u00f3 en octubre de 2025 que cuentas de prueba de adolescentes en TikTok eran dirigidas por el algoritmo a contenidos depresivos y de autolesi\u00f3n en menos de veinte minutos de uso. Eso es lo que est\u00e1 pasando hoy. Eso es lo que esta regulaci\u00f3n busca enfrentar.<\/p>\n","protected":false},"excerpt":{"rendered":"<p>La Ministra de Desarrollo Social y Familia visit\u00f3 la regi\u00f3n de Coquimbo donde realiz\u00f3 un completo despliegue territorial con actividades con cuidadores del Programa Red Local de Apoyos y Cuidados, con integrantes del Club de Adulto Mayor \u201cRevelaci\u00f3n 2001\u201d, se reuni\u00f3 con una Familia de Acogida, encabez\u00f3 la Ceremonia de Certificaci\u00f3n de la \u201cEscuela de [&hellip;]<\/p>\n","protected":false},"author":2,"featured_media":26251,"comment_status":"closed","ping_status":"open","sticky":false,"template":"","format":"standard","meta":{"_jetpack_memberships_contains_paid_content":false,"jnews-multi-image_gallery":[],"jnews_single_post":[],"jnews_primary_category":[],"jnews_social_meta":[],"jnews_paywall_metabox":[],"jnews_review":[],"enable_review":"","type":"","name":"","summary":"","brand":"","sku":"","good":[],"bad":[],"score_override":"","override_value":"","rating":[],"price":[],"jnews_override_counter":[],"jnews_post_split":[],"footnotes":""},"categories":[21],"tags":[],"class_list":["post-26252","post","type-post","status-publish","format-standard","has-post-thumbnail","hentry","category-nacional"],"jetpack_featured_media_url":"https:\/\/laserenaradio.cl\/web\/wp-content\/uploads\/2026\/04\/mediapiaiextstaticimg_webpMinistraMariaadolescentestiempoFamiliaactividad_source.webp","jetpack_sharing_enabled":true,"_links":{"self":[{"href":"https:\/\/laserenaradio.cl\/web\/wp-json\/wp\/v2\/posts\/26252","targetHints":{"allow":["GET"]}}],"collection":[{"href":"https:\/\/laserenaradio.cl\/web\/wp-json\/wp\/v2\/posts"}],"about":[{"href":"https:\/\/laserenaradio.cl\/web\/wp-json\/wp\/v2\/types\/post"}],"author":[{"embeddable":true,"href":"https:\/\/laserenaradio.cl\/web\/wp-json\/wp\/v2\/users\/2"}],"replies":[{"embeddable":true,"href":"https:\/\/laserenaradio.cl\/web\/wp-json\/wp\/v2\/comments?post=26252"}],"version-history":[{"count":1,"href":"https:\/\/laserenaradio.cl\/web\/wp-json\/wp\/v2\/posts\/26252\/revisions"}],"predecessor-version":[{"id":26253,"href":"https:\/\/laserenaradio.cl\/web\/wp-json\/wp\/v2\/posts\/26252\/revisions\/26253"}],"wp:featuredmedia":[{"embeddable":true,"href":"https:\/\/laserenaradio.cl\/web\/wp-json\/wp\/v2\/media\/26251"}],"wp:attachment":[{"href":"https:\/\/laserenaradio.cl\/web\/wp-json\/wp\/v2\/media?parent=26252"}],"wp:term":[{"taxonomy":"category","embeddable":true,"href":"https:\/\/laserenaradio.cl\/web\/wp-json\/wp\/v2\/categories?post=26252"},{"taxonomy":"post_tag","embeddable":true,"href":"https:\/\/laserenaradio.cl\/web\/wp-json\/wp\/v2\/tags?post=26252"}],"curies":[{"name":"wp","href":"https:\/\/api.w.org\/{rel}","templated":true}]}}