{"id":26243,"date":"2026-04-30T00:16:10","date_gmt":"2026-04-30T03:16:10","guid":{"rendered":"https:\/\/laserenaradio.cl\/web\/?p=26243"},"modified":"2026-04-30T00:16:10","modified_gmt":"2026-04-30T03:16:10","slug":"ovalle-fiscalia-imputa-a-sujeto-homicidio-calificado-por-alevosia","status":"publish","type":"post","link":"https:\/\/laserenaradio.cl\/web\/2026\/04\/30\/ovalle-fiscalia-imputa-a-sujeto-homicidio-calificado-por-alevosia\/","title":{"rendered":"Ovalle: Fiscal\u00eda imputa a sujeto homicidio calificado por alevos\u00eda"},"content":{"rendered":"<p>La Fiscal\u00eda SAC- ECOH, luego de gestionar la orden de aprehensi\u00f3n ante el Juzgado de Garant\u00eda de Ovalle, que fue ejecutada por la Polic\u00eda de Investigaciones, formaliz\u00f3 por homicidio calificado por alevos\u00eda y porte de arma de fuego a un sujeto por los hechos ocurridos el 17 de noviembre de 2025, en el sector Llanos de la Chimba, en una caba\u00f1a de un motel del sector.<\/p>\n<p>Seg\u00fan la imputaci\u00f3n, 5 sujetos entre ellos el detenido y otros actuando conjuntamente, vali\u00e9ndose para asegurar el resultado de superioridad num\u00e9rica y portando armas, golpearon con pies y pu\u00f1os y las armas a la v\u00edctima y dispararon en su contra.<\/p>\n<p>El afectado result\u00f3 con diversas heridas por la golpiza y sufri\u00f3 9 heridas de bala, 7 de ellas penentrantes y dos por roce. Dos de las lesiones resultaron mortales y falleci\u00f3 a ra\u00edz de un TEC toraco abdominal.<\/p>\n<p>El fiscal Eduardo Y\u00e1\u00f1ez expuso en la audiencia varios antecedentes que permiten presumir la participaci\u00f3n del imputado, entre ellas, el levantamiento de una botella de alcohol que permiti\u00f3 determinar una huella de \u00e9ste, adem\u00e1s de testimonios de quienes se congregaron en el motel.<\/p>\n<p>Tras la audiencia de formalizaci\u00f3n, el sujeto qued\u00f3 en prisi\u00f3n preventiva, pese a la oposici\u00f3n de la defensa y se fij\u00f3 un plazo de investigaci\u00f3n de 90 d\u00edas.<\/p>\n","protected":false},"excerpt":{"rendered":"<p>La Fiscal\u00eda SAC- ECOH, luego de gestionar la orden de aprehensi\u00f3n ante el Juzgado de Garant\u00eda de Ovalle, que fue ejecutada por la Polic\u00eda de Investigaciones, formaliz\u00f3 por homicidio calificado por alevos\u00eda y porte de arma de fuego a un sujeto por los hechos ocurridos el 17 de noviembre de 2025, en el sector Llanos [&hellip;]<\/p>\n","protected":false},"author":2,"featured_media":26242,"comment_status":"closed","ping_status":"open","sticky":false,"template":"","format":"standard","meta":{"_jetpack_memberships_contains_paid_content":false,"jnews-multi-image_gallery":[],"jnews_single_post":[],"jnews_primary_category":[],"jnews_social_meta":[],"jnews_paywall_metabox":[],"jnews_review":[],"enable_review":"","type":"","name":"","summary":"","brand":"","sku":"","good":[],"bad":[],"score_override":"","override_value":"","rating":[],"price":[],"jnews_override_counter":[],"jnews_post_split":[],"footnotes":""},"categories":[21],"tags":[],"class_list":["post-26243","post","type-post","status-publish","format-standard","has-post-thumbnail","hentry","category-nacional"],"jetpack_featured_media_url":"https:\/\/laserenaradio.cl\/web\/wp-content\/uploads\/2026\/04\/mediapiaiextstaticimg_webpOvalleFiscaliasujetoOvallehomicidiocalificado_source.webp","jetpack_sharing_enabled":true,"_links":{"self":[{"href":"https:\/\/laserenaradio.cl\/web\/wp-json\/wp\/v2\/posts\/26243","targetHints":{"allow":["GET"]}}],"collection":[{"href":"https:\/\/laserenaradio.cl\/web\/wp-json\/wp\/v2\/posts"}],"about":[{"href":"https:\/\/laserenaradio.cl\/web\/wp-json\/wp\/v2\/types\/post"}],"author":[{"embeddable":true,"href":"https:\/\/laserenaradio.cl\/web\/wp-json\/wp\/v2\/users\/2"}],"replies":[{"embeddable":true,"href":"https:\/\/laserenaradio.cl\/web\/wp-json\/wp\/v2\/comments?post=26243"}],"version-history":[{"count":1,"href":"https:\/\/laserenaradio.cl\/web\/wp-json\/wp\/v2\/posts\/26243\/revisions"}],"predecessor-version":[{"id":26244,"href":"https:\/\/laserenaradio.cl\/web\/wp-json\/wp\/v2\/posts\/26243\/revisions\/26244"}],"wp:featuredmedia":[{"embeddable":true,"href":"https:\/\/laserenaradio.cl\/web\/wp-json\/wp\/v2\/media\/26242"}],"wp:attachment":[{"href":"https:\/\/laserenaradio.cl\/web\/wp-json\/wp\/v2\/media?parent=26243"}],"wp:term":[{"taxonomy":"category","embeddable":true,"href":"https:\/\/laserenaradio.cl\/web\/wp-json\/wp\/v2\/categories?post=26243"},{"taxonomy":"post_tag","embeddable":true,"href":"https:\/\/laserenaradio.cl\/web\/wp-json\/wp\/v2\/tags?post=26243"}],"curies":[{"name":"wp","href":"https:\/\/api.w.org\/{rel}","templated":true}]}}