{"id":26240,"date":"2026-04-30T00:14:53","date_gmt":"2026-04-30T03:14:53","guid":{"rendered":"https:\/\/laserenaradio.cl\/web\/?p=26240"},"modified":"2026-04-30T00:14:53","modified_gmt":"2026-04-30T03:14:53","slug":"trabajo-conjunto-entre-gobierno-y-gore-busca-acelerar-soluciones-para-las-familias-de-la-region-de-coquimbo","status":"publish","type":"post","link":"https:\/\/laserenaradio.cl\/web\/2026\/04\/30\/trabajo-conjunto-entre-gobierno-y-gore-busca-acelerar-soluciones-para-las-familias-de-la-region-de-coquimbo\/","title":{"rendered":"Trabajo conjunto entre Gobierno y GORE busca acelerar soluciones para las familias de la regi\u00f3n de Coquimbo"},"content":{"rendered":"<p>Equipos t\u00e9cnicos del Gobierno regional y los representantes de todas las carteras se unieron para avanzar en los diferentes proyectos que tiene la regi\u00f3n, con foco en seguridad, recuperaci\u00f3n econ\u00f3mica y escasez h\u00eddrica.<\/p>\n<p>En una se\u00f1al de trabajo articulado y enfoque en las prioridades del territorio, el Delegado Presidencial Regional, V\u00edctor Pino, junto al Gobernador Regional, Crist\u00f3bal Juli\u00e1, encabezaron una sesi\u00f3n de gabinete conjunto entre el Gobierno y el Gobierno Regional, instancia que permiti\u00f3 alinear estrategias y reforzar la coordinaci\u00f3n para abordar las principales necesidades de la Regi\u00f3n de Coquimbo.<\/p>\n<p>Durante la jornada, los secretarios regionales ministeriales y los equipos t\u00e9cnicos del Gobierno regional, analizaron los principales desaf\u00edos del territorio, con \u00e9nfasis en \u00e1reas como seguridad, crecimiento econ\u00f3mico y crisis h\u00eddrica, avanzando hacia una hoja de ruta com\u00fan que permita entregar respuestas m\u00e1s oportunas a la ciudadan\u00eda.<\/p>\n<p>El Delegado Presidencial Regional, V\u00edctor Pino, destac\u00f3 la relevancia de este espacio de coordinaci\u00f3n se\u00f1alando que \u201clos enfoques del Gobierno Regional est\u00e1n totalmente alineados con los del Presidente Jos\u00e9 Antonio Kast, especialmente en materias como seguridad, econom\u00eda, crecimiento y la crisis h\u00eddrica, que afecta de manera particular a la Regi\u00f3n de Coquimbo, y en eso vamos a trabajar coordinadamente para encontrar soluciones tan necesarias para nuestra gente\u201d.<\/p>\n<p>En la instancia participaron los jefes de divisi\u00f3n del Gobierno Regional quienes aportaron su mirada t\u00e9cnica para avanzar en diferentes proyectos en las tres provincias.<\/p>\n<p>El Gobernador Regional, Crist\u00f3bal Juli\u00e1, valor\u00f3 la reuni\u00f3n y el compromiso de las autoridades, se\u00f1alando que \u201clo que esperan los ciudadanos es vernos trabajar unidos y enfocados en las verdaderas necesidades de nuestra regi\u00f3n. Fue un excelente gabinete ampliado y esperamos seguir trabajando de la mano con el delegado y su gabinete\u201d.<\/p>\n<p>Las autoridades coincidieron que esta reuni\u00f3n es una importante se\u00f1al para sellar el compromiso de trabajar de forma conjunta, una hoja de ruta para sacar adelante proyectos y hacerle seguimiento a las diferentes iniciativas que vayan en pro de los habitantes de la regi\u00f3n.<\/p>\n<p>\u201cLo que la ciudadan\u00eda necesita hoy d\u00eda m\u00e1s que nunca es que sus autoridades puedan trabajar en uni\u00f3n, con una visi\u00f3n de futuro. Este gabinete conjunto es un puente para poner sobre la mesa las necesidades de la ciudadan\u00eda y comenzar a trabajar en sus soluciones\u201d, cerr\u00f3 el Delegado Pino.<\/p>\n","protected":false},"excerpt":{"rendered":"<p>Equipos t\u00e9cnicos del Gobierno regional y los representantes de todas las carteras se unieron para avanzar en los diferentes proyectos que tiene la regi\u00f3n, con foco en seguridad, recuperaci\u00f3n econ\u00f3mica y escasez h\u00eddrica. En una se\u00f1al de trabajo articulado y enfoque en las prioridades del territorio, el Delegado Presidencial Regional, V\u00edctor Pino, junto al Gobernador [&hellip;]<\/p>\n","protected":false},"author":2,"featured_media":26239,"comment_status":"closed","ping_status":"open","sticky":false,"template":"","format":"standard","meta":{"_jetpack_memberships_contains_paid_content":false,"jnews-multi-image_gallery":[],"jnews_single_post":[],"jnews_primary_category":[],"jnews_social_meta":[],"jnews_paywall_metabox":[],"jnews_review":[],"enable_review":"","type":"","name":"","summary":"","brand":"","sku":"","good":[],"bad":[],"score_override":"","override_value":"","rating":[],"price":[],"jnews_override_counter":[],"jnews_post_split":[],"footnotes":""},"categories":[21],"tags":[],"class_list":["post-26240","post","type-post","status-publish","format-standard","has-post-thumbnail","hentry","category-nacional"],"jetpack_featured_media_url":"https:\/\/laserenaradio.cl\/web\/wp-content\/uploads\/2026\/04\/mediapiaiextstaticimg_webpTrabajoGobiernotrabajarGobiernogabinetediferentes_source.webp","jetpack_sharing_enabled":true,"_links":{"self":[{"href":"https:\/\/laserenaradio.cl\/web\/wp-json\/wp\/v2\/posts\/26240","targetHints":{"allow":["GET"]}}],"collection":[{"href":"https:\/\/laserenaradio.cl\/web\/wp-json\/wp\/v2\/posts"}],"about":[{"href":"https:\/\/laserenaradio.cl\/web\/wp-json\/wp\/v2\/types\/post"}],"author":[{"embeddable":true,"href":"https:\/\/laserenaradio.cl\/web\/wp-json\/wp\/v2\/users\/2"}],"replies":[{"embeddable":true,"href":"https:\/\/laserenaradio.cl\/web\/wp-json\/wp\/v2\/comments?post=26240"}],"version-history":[{"count":1,"href":"https:\/\/laserenaradio.cl\/web\/wp-json\/wp\/v2\/posts\/26240\/revisions"}],"predecessor-version":[{"id":26241,"href":"https:\/\/laserenaradio.cl\/web\/wp-json\/wp\/v2\/posts\/26240\/revisions\/26241"}],"wp:featuredmedia":[{"embeddable":true,"href":"https:\/\/laserenaradio.cl\/web\/wp-json\/wp\/v2\/media\/26239"}],"wp:attachment":[{"href":"https:\/\/laserenaradio.cl\/web\/wp-json\/wp\/v2\/media?parent=26240"}],"wp:term":[{"taxonomy":"category","embeddable":true,"href":"https:\/\/laserenaradio.cl\/web\/wp-json\/wp\/v2\/categories?post=26240"},{"taxonomy":"post_tag","embeddable":true,"href":"https:\/\/laserenaradio.cl\/web\/wp-json\/wp\/v2\/tags?post=26240"}],"curies":[{"name":"wp","href":"https:\/\/api.w.org\/{rel}","templated":true}]}}