{"id":26237,"date":"2026-04-30T00:13:35","date_gmt":"2026-04-30T03:13:35","guid":{"rendered":"https:\/\/laserenaradio.cl\/web\/?p=26237"},"modified":"2026-04-30T00:13:35","modified_gmt":"2026-04-30T03:13:35","slug":"sac-valparaiso-condeno-a-10-anos-de-pena-efectiva-a-autor-de-una-serie-de-robo-a-bencineras","status":"publish","type":"post","link":"https:\/\/laserenaradio.cl\/web\/2026\/04\/30\/sac-valparaiso-condeno-a-10-anos-de-pena-efectiva-a-autor-de-una-serie-de-robo-a-bencineras\/","title":{"rendered":"SAC Valpara\u00edso conden\u00f3 a 10 a\u00f1os de pena efectiva a autor de una serie de robo a bencineras"},"content":{"rendered":"<p>Investigaci\u00f3n permiti\u00f3 posicionar al acusado en todos los hechos acusados en procedimiento abreviado, logrando el m\u00e1ximo de condena.<\/p>\n<p>Entre el 5 y el 10 de septiembre del a\u00f1o 2025 Benjam\u00edn Manuel Gonz\u00e1lez Aros cometi\u00f3 siete delitos, la mayor\u00eda de ellos de una forma similar a distintos servicentros Copec de la provincia del Marga Marga y Vi\u00f1a del Mar. Seg\u00fan expuso el Fiscal del Sistema de An\u00e1lisis Criminal de Valpara\u00edso ante el magistrado Luis Araya \u00c1vila, Juez Titular del Juzgado de Garant\u00eda de Quilpu\u00e9, estos hechos inician un foco investigativo que permite dar con la identidad del autor de estos hechos y concretar su detenci\u00f3n.<\/p>\n<p>La secuencia de il\u00edcitos inicia la tarde del 5 de septiembre cuando el acusado intimida con un arma aparentemente de fuego a una v\u00edctima mujer, logra sustraer su veh\u00edculo, adem\u00e1s de diversas especies, d\u00e1ndose a la fuga.<\/p>\n<p>Con este veh\u00edculo, una camioneta Changan de color rojo comienza su tour delictual. Pasada las 22.30 horas de ese mismo d\u00eda intimida a una cajera de un pronto Copec de calle Limache en Vi\u00f1a del mar, sustrayendo dinero en efectivo y cajetillas de cigarrillos. La tarde del d\u00eda siguiente, esta vez en el servicentro Copec del camino internacional, intimida a uno de los bomberos, no paga la bencina que le coloca a la camioneta y tras intimidar a la v\u00edctima con aparentemente un arma de fuego, escapa del lugar con dinero en efectivo.<\/p>\n<p>El 8 de septiembre por la tarde llega al mismo servicentro, intimida al bombero de turno portando un arma aparentemente de fuego sustrayendo dinero en efectivo y huyendo del lugar.<\/p>\n<p>Al d\u00eda siguiente en la Copec de 1 norte mientras un bombero cargaba combustible a la camioneta, el acusado desciende, se dirige a los ba\u00f1os e intimida a dos bomberos, ambas v\u00edctimas varones, a quienes \u00a0\u00a0intimida con un arma aparentemente de fuego sustrayendo el dinero en efectivo que portaban. Mismo actuar que tuvo el 9 de septiembre en contra de una v\u00edctima masculina en el servicentro Copec de Limache, sin poder ingresar a la sala de venta. Distinta suerte tuvo la madrugada del 10 de septiembre en el servicentro Copec de Tabolango, aqu\u00ed ingresa al local, intimida a la vendedora para sustraer dinero en efectivo, cajetillas de cigarro, chocolates y bebidas energ\u00e9ticas, entre otras especies.<\/p>\n<p>En total casi medio mill\u00f3n de pesos en efectivo en los distintos robos con violencia e intimidaci\u00f3n, adem\u00e1s de las especies y el veh\u00edculo que utiliz\u00f3 para cometer los delitos por los que fue condenado a la pena \u00fanica de 10 a\u00f1os de presidio mayor en su grado m\u00ednimo, la que deber\u00e1 cumplir de forma efectiva. Gonzalez Aros adem\u00e1s fue condenado a penas accesorias y a incluir su huella gen\u00e9tica en el registro de Condenados del Sistema Nacional. Cumplir\u00e1 su condena en el Centro Penitenciario de Valpara\u00edso, hasta donde fue trasladado por Gendarmer\u00eda desde el CCP de San Antonio donde se manten\u00eda en prisi\u00f3n preventiva por esta causa.<\/p>\n","protected":false},"excerpt":{"rendered":"<p>Investigaci\u00f3n permiti\u00f3 posicionar al acusado en todos los hechos acusados en procedimiento abreviado, logrando el m\u00e1ximo de condena. Entre el 5 y el 10 de septiembre del a\u00f1o 2025 Benjam\u00edn Manuel Gonz\u00e1lez Aros cometi\u00f3 siete delitos, la mayor\u00eda de ellos de una forma similar a distintos servicentros Copec de la provincia del Marga Marga y [&hellip;]<\/p>\n","protected":false},"author":2,"featured_media":26236,"comment_status":"closed","ping_status":"open","sticky":false,"template":"","format":"standard","meta":{"_jetpack_memberships_contains_paid_content":false,"jnews-multi-image_gallery":[],"jnews_single_post":[],"jnews_primary_category":[],"jnews_social_meta":[],"jnews_paywall_metabox":[],"jnews_review":[],"enable_review":"","type":"","name":"","summary":"","brand":"","sku":"","good":[],"bad":[],"score_override":"","override_value":"","rating":[],"price":[],"jnews_override_counter":[],"jnews_post_split":[],"footnotes":""},"categories":[21],"tags":[],"class_list":["post-26237","post","type-post","status-publish","format-standard","has-post-thumbnail","hentry","category-nacional"],"jetpack_featured_media_url":"https:\/\/laserenaradio.cl\/web\/wp-content\/uploads\/2026\/04\/mediapiaiextstaticimg_webpSACValparaisointimidaCopecefectivoseptiembre_source.webp","jetpack_sharing_enabled":true,"_links":{"self":[{"href":"https:\/\/laserenaradio.cl\/web\/wp-json\/wp\/v2\/posts\/26237","targetHints":{"allow":["GET"]}}],"collection":[{"href":"https:\/\/laserenaradio.cl\/web\/wp-json\/wp\/v2\/posts"}],"about":[{"href":"https:\/\/laserenaradio.cl\/web\/wp-json\/wp\/v2\/types\/post"}],"author":[{"embeddable":true,"href":"https:\/\/laserenaradio.cl\/web\/wp-json\/wp\/v2\/users\/2"}],"replies":[{"embeddable":true,"href":"https:\/\/laserenaradio.cl\/web\/wp-json\/wp\/v2\/comments?post=26237"}],"version-history":[{"count":1,"href":"https:\/\/laserenaradio.cl\/web\/wp-json\/wp\/v2\/posts\/26237\/revisions"}],"predecessor-version":[{"id":26238,"href":"https:\/\/laserenaradio.cl\/web\/wp-json\/wp\/v2\/posts\/26237\/revisions\/26238"}],"wp:featuredmedia":[{"embeddable":true,"href":"https:\/\/laserenaradio.cl\/web\/wp-json\/wp\/v2\/media\/26236"}],"wp:attachment":[{"href":"https:\/\/laserenaradio.cl\/web\/wp-json\/wp\/v2\/media?parent=26237"}],"wp:term":[{"taxonomy":"category","embeddable":true,"href":"https:\/\/laserenaradio.cl\/web\/wp-json\/wp\/v2\/categories?post=26237"},{"taxonomy":"post_tag","embeddable":true,"href":"https:\/\/laserenaradio.cl\/web\/wp-json\/wp\/v2\/tags?post=26237"}],"curies":[{"name":"wp","href":"https:\/\/api.w.org\/{rel}","templated":true}]}}