{"id":26234,"date":"2026-04-30T00:11:15","date_gmt":"2026-04-30T03:11:15","guid":{"rendered":"https:\/\/laserenaradio.cl\/web\/?p=26234"},"modified":"2026-04-30T00:11:15","modified_gmt":"2026-04-30T03:11:15","slug":"logran-7-anos-de-pena-efectiva-para-autor-de-violacion-reiterada","status":"publish","type":"post","link":"https:\/\/laserenaradio.cl\/web\/2026\/04\/30\/logran-7-anos-de-pena-efectiva-para-autor-de-violacion-reiterada\/","title":{"rendered":"Logran 7 a\u00f1os de pena efectiva para autor de violaci\u00f3n reiterada"},"content":{"rendered":"<p>Ministerio P\u00fablico valor\u00f3 las condiciones que se generaron para que la v\u00edctima, quien posee trastorno del espectro autista, pudiera prestar declaraci\u00f3n.<\/p>\n<p>Ante esta Sala del Tribunal de Juicio Oral en lo Penal de Valpara\u00edso, integrada por los jueces Francisco Hermosilla Iriarte, quien la presidi\u00f3, Williams Vilches Flores y Maureen Darrouy Palacios se desarroll\u00f3 el juicio en contra de un hombre de 57 a\u00f1os a la fecha por delitos de connotaci\u00f3n sexual cometidos en la comuna de Valpara\u00edso entre marzo y diciembre del a\u00f1o 2024.<\/p>\n<p>Una investigaci\u00f3n de larga data que finalmente pudo llegar a juicio evitando la revictimizaci\u00f3n de la v\u00edctima, menor de 14 a\u00f1os al momento de los il\u00edcitos, quien era hijo de la conviviente del acusado. El Fiscal de Valpara\u00edso, Juan Emilio Gatica, se hizo cargo del juicio, valorando las condiciones que dispuso el Tribunal Oral en Lo Penal de Valpara\u00edso para que la v\u00edctima pudiera prestar declaraci\u00f3n. Para ello se pudo utilizar la sala acondicionada para menores en el Tribunal, entregando su testimonio frente a uno de los magistrados que compusieron la sala, debido a que la v\u00edctima posee un trastorno del espectro autista en un grado alto.<\/p>\n<p>\u201cLa actual legislaci\u00f3n procesal penal en materia de v\u00edctimas NNA en delitos graves, entre ellos los sexuales, tiene como principio rector evitar la v\u00edctimizaci\u00f3n secundaria, a partir de la ley 21.057 que introduce la entrevista video grabada, dispone que la v\u00edctima declara en dos ocasiones: en la investigaci\u00f3n y durante el juicio oral, se prev\u00e9, regula y restringe su participaci\u00f3n, incluso se disponen autorizaciones de la jefatura para la realizaci\u00f3n de ciertas diligencias. Una de las consecuencias procesales es que el testimonio de la v\u00edctima cobra una relevancia muy importante, siempre la ha tenido, pero ahora es su testimonio el fundamento que sostiene la imputaci\u00f3n. Ya nos olvidamos de la pericia de credibilidad. En este caso, se oy\u00f3 a (la v\u00edctima), declar\u00f3 lo que le pas\u00f3 cuando se quedaba a solas con el acusado (\u2026), de su relato se satisfacen los requisitos que exige el art. 362 del C\u00f3digo Penal\u201d, se\u00f1al\u00f3 el Fiscal Gatica en sus alegatos de clausura.<\/p>\n<p>A esta prueba testimonial se sumaron m\u00e1s testigos presentados en la prueba de cargo del Ministerio P\u00fablico, prueba pericial y otros medios, que le permitieron al Tribunal m\u00e1s all\u00e1 de toda duda razonable, dar por acreditados los delitos materia de la acusaci\u00f3n.<\/p>\n<p>\u201cEstos hechos constituyen un delito de violaci\u00f3n de persona menor de 14 a\u00f1os, en grado de consumado y en car\u00e1cter de reiterado, en los que al acusado le ha correspondido una participaci\u00f3n a t\u00edtulo de autor en los t\u00e9rminos del art. 15 N\u00b01 del C\u00f3digo Penal, al haber intervenido en forma inmediata y directa, convicci\u00f3n a la que se arrib\u00f3, m\u00e1s all\u00e1 de toda duda razonable, en los t\u00e9rminos que lo ordena el art. 340 del C\u00f3digo Procesal Penal\u201d, se\u00f1ala la sentencia.<\/p>\n<p>El Tribunal tomando en consideraci\u00f3n su irreprochable conducta anterior conden\u00f3 al acusado a cumplir la pena de 7 a\u00f1os de presidio mayor en su grado m\u00ednimo, m\u00e1s accesorias legales, interdicci\u00f3n del derecho de ejercer la guarda y ser o\u00eddo como pariente en los casos que la ley designa y de sujeci\u00f3n a la vigilancia de la autoridad durante los diez a\u00f1os siguientes al cumplimiento de la pena principal. Pena que deber\u00e1 cumplir de manera efectiva.<\/p>\n","protected":false},"excerpt":{"rendered":"<p>Ministerio P\u00fablico valor\u00f3 las condiciones que se generaron para que la v\u00edctima, quien posee trastorno del espectro autista, pudiera prestar declaraci\u00f3n. Ante esta Sala del Tribunal de Juicio Oral en lo Penal de Valpara\u00edso, integrada por los jueces Francisco Hermosilla Iriarte, quien la presidi\u00f3, Williams Vilches Flores y Maureen Darrouy Palacios se desarroll\u00f3 el juicio [&hellip;]<\/p>\n","protected":false},"author":2,"featured_media":26233,"comment_status":"closed","ping_status":"open","sticky":false,"template":"","format":"standard","meta":{"_jetpack_memberships_contains_paid_content":false,"jnews-multi-image_gallery":[],"jnews_single_post":[],"jnews_primary_category":[],"jnews_social_meta":[],"jnews_paywall_metabox":[],"jnews_review":[],"enable_review":"","type":"","name":"","summary":"","brand":"","sku":"","good":[],"bad":[],"score_override":"","override_value":"","rating":[],"price":[],"jnews_override_counter":[],"jnews_post_split":[],"footnotes":""},"categories":[21],"tags":[],"class_list":["post-26234","post","type-post","status-publish","format-standard","has-post-thumbnail","hentry","category-nacional"],"jetpack_featured_media_url":"https:\/\/laserenaradio.cl\/web\/wp-content\/uploads\/2026\/04\/mediapiaiextstaticimg_webpFiscaliaValparaisojuicioacusadoquienTribunal_source.webp","jetpack_sharing_enabled":true,"_links":{"self":[{"href":"https:\/\/laserenaradio.cl\/web\/wp-json\/wp\/v2\/posts\/26234","targetHints":{"allow":["GET"]}}],"collection":[{"href":"https:\/\/laserenaradio.cl\/web\/wp-json\/wp\/v2\/posts"}],"about":[{"href":"https:\/\/laserenaradio.cl\/web\/wp-json\/wp\/v2\/types\/post"}],"author":[{"embeddable":true,"href":"https:\/\/laserenaradio.cl\/web\/wp-json\/wp\/v2\/users\/2"}],"replies":[{"embeddable":true,"href":"https:\/\/laserenaradio.cl\/web\/wp-json\/wp\/v2\/comments?post=26234"}],"version-history":[{"count":1,"href":"https:\/\/laserenaradio.cl\/web\/wp-json\/wp\/v2\/posts\/26234\/revisions"}],"predecessor-version":[{"id":26235,"href":"https:\/\/laserenaradio.cl\/web\/wp-json\/wp\/v2\/posts\/26234\/revisions\/26235"}],"wp:featuredmedia":[{"embeddable":true,"href":"https:\/\/laserenaradio.cl\/web\/wp-json\/wp\/v2\/media\/26233"}],"wp:attachment":[{"href":"https:\/\/laserenaradio.cl\/web\/wp-json\/wp\/v2\/media?parent=26234"}],"wp:term":[{"taxonomy":"category","embeddable":true,"href":"https:\/\/laserenaradio.cl\/web\/wp-json\/wp\/v2\/categories?post=26234"},{"taxonomy":"post_tag","embeddable":true,"href":"https:\/\/laserenaradio.cl\/web\/wp-json\/wp\/v2\/tags?post=26234"}],"curies":[{"name":"wp","href":"https:\/\/api.w.org\/{rel}","templated":true}]}}