{"id":26231,"date":"2026-04-30T00:06:31","date_gmt":"2026-04-30T03:06:31","guid":{"rendered":"https:\/\/laserenaradio.cl\/web\/?p=26231"},"modified":"2026-04-30T00:06:31","modified_gmt":"2026-04-30T03:06:31","slug":"fiscal-jefa-de-maipu-logra-condena-de-presidio-perpetuo-calificado-para-autor-de-femicidio-ocurrido-en-marzo-de-2024","status":"publish","type":"post","link":"https:\/\/laserenaradio.cl\/web\/2026\/04\/30\/fiscal-jefa-de-maipu-logra-condena-de-presidio-perpetuo-calificado-para-autor-de-femicidio-ocurrido-en-marzo-de-2024\/","title":{"rendered":"Fiscal Jefa de Maip\u00fa logra condena de presidio perpetuo calificado para autor de femicidio ocurrido en marzo de 2024"},"content":{"rendered":"<p>La Fiscal Jefa de Maip\u00fa-Cerrillos, Gabriela Cruces logr\u00f3 el lunes 06 de abril una sentencia de presidio perpetuo calificado para el autor de un femicidio ocurrido el 30 de marzo de 2024, en un domicilio de Avenida El Olimpo, en Maip\u00fa.<\/p>\n<p>El hoy condenado, Rolando de la Cruz Rojas Vergara (46), mat\u00f3 a su conviviente de 39 a\u00f1os, hiri\u00e9ndola con un arma cortopunzante en al menos 30 oportunidades en su cuello y tronco, adem\u00e1s de propinarle golpes de forma reiterada en la zona cervical y t\u00f3rax para, a continuaci\u00f3n, arrojarla al suelo, lo que le provoc\u00f3 fracturas en la columna, culminando la agresi\u00f3n al sofocarla con el antebrazo, lo que le caus\u00f3 un infarto y su muerte. Tras ello, y con el apoyo de sus padres, tom\u00f3 el cuerpo de la v\u00edctima ya fallecida para envolverlo en una frazada, subirlo a una silla de ruedas y sacarla del departamento, pero, al percatarse de que un vecino los vio, regresaron de vuelta a esa vivienda, para adulterar el lugar de los hechos, efectuando una limpieza de las manchas de sangre y manipulando las heridas del cad\u00e1ver.<\/p>\n<p>Testimonio y pruebas presentadas<\/p>\n<p>El juicio oral se realiz\u00f3 entre el 16 y el 24 de marzo en el Quinto TOP de Santiago y junto con la persecutora, compareci\u00f3 la abogada asistente de Maip\u00fa, Caroline Matamala. All\u00ed, la Fiscal\u00eda indic\u00f3 que v\u00edctima y victimario manten\u00edan una convivencia de al menos siete meses. Asimismo, present\u00f3 prueba testimonial, donde destaca la declaraci\u00f3n del Carabinero que concurri\u00f3 al sitio del suceso, quien indic\u00f3 que \u201cel sitio del suceso estaba muy ordenado y el cuerpo de Solange estaba muy limpio, con olor a cloro\u201d y que tanto el padre del imputado como \u00e9l indicaron que la mujer se habr\u00eda ca\u00eddo de la silla de ruedas y golpeado en la cabeza. Asimismo, prest\u00f3 su testimonio una perita criminal\u00edstica de la PDI que tambi\u00e9n concurri\u00f3 al lugar, declarando que \u201cel living estaba muy limpio, ol\u00eda a productos de limpieza\u201d y que la v\u00edctima \u201cten\u00eda heridas contuso-cortantes y cortopunzantes, pero alteradas en su morfolog\u00eda porque fueron intervenidas, pues no ten\u00edan vestigios de sangre y las zonas de estas lesiones presentaban quemaduras de un agente qu\u00edmico que se us\u00f3 sobre esas heridas\u201d.<\/p>\n<p>El Ministerio P\u00fablico present\u00f3 tambi\u00e9n abundante prueba pericial y documental, incluyendo las comunicaciones de CENCO, el plano del sitio del suceso, adem\u00e1s de fotograf\u00edas y registros en video.<\/p>\n<p>Con todos los antecedentes presentados, el Tribunal, por mayor\u00eda, resolvi\u00f3 condenar a Rojas Vergara a presidio perpetuo calificado como autor del delito consumado de femicidio. Fueron acogidas como agravantes el actuar con alevos\u00eda (con la oposici\u00f3n de uno de los magistrados), y el haber cometido el hecho en el contexto de violencia f\u00edsica o psicol\u00f3gica habitual contra la v\u00edctima.<\/p>\n<p>Y si bien los padres de Rojas Vergara tambi\u00e9n hab\u00edan sido acusados por la Fiscal\u00eda por el delito de homicidio, el Tribunal decidi\u00f3 absolverlos por estimar que su participaci\u00f3n en la acci\u00f3n homicida no logr\u00f3 ser acreditada con las pruebas de cargo presentadas. En tanto, su potencial figura como encubridores quedaba sin efectos dado el lazo de consanguinidad con el hoy condenado.<\/p>\n","protected":false},"excerpt":{"rendered":"<p>La Fiscal Jefa de Maip\u00fa-Cerrillos, Gabriela Cruces logr\u00f3 el lunes 06 de abril una sentencia de presidio perpetuo calificado para el autor de un femicidio ocurrido el 30 de marzo de 2024, en un domicilio de Avenida El Olimpo, en Maip\u00fa. El hoy condenado, Rolando de la Cruz Rojas Vergara (46), mat\u00f3 a su conviviente [&hellip;]<\/p>\n","protected":false},"author":2,"featured_media":26230,"comment_status":"closed","ping_status":"open","sticky":false,"template":"","format":"standard","meta":{"_jetpack_memberships_contains_paid_content":false,"jnews-multi-image_gallery":[],"jnews_single_post":[],"jnews_primary_category":[],"jnews_social_meta":[],"jnews_paywall_metabox":[],"jnews_review":[],"enable_review":"","type":"","name":"","summary":"","brand":"","sku":"","good":[],"bad":[],"score_override":"","override_value":"","rating":[],"price":[],"jnews_override_counter":[],"jnews_post_split":[],"footnotes":""},"categories":[21],"tags":[],"class_list":["post-26231","post","type-post","status-publish","format-standard","has-post-thumbnail","hentry","category-nacional"],"jetpack_featured_media_url":"https:\/\/laserenaradio.cl\/web\/wp-content\/uploads\/2026\/04\/mediapiaiextstaticimg_webpFiscalJefapresidioperpetuocalificadoautor_source.webp","jetpack_sharing_enabled":true,"_links":{"self":[{"href":"https:\/\/laserenaradio.cl\/web\/wp-json\/wp\/v2\/posts\/26231","targetHints":{"allow":["GET"]}}],"collection":[{"href":"https:\/\/laserenaradio.cl\/web\/wp-json\/wp\/v2\/posts"}],"about":[{"href":"https:\/\/laserenaradio.cl\/web\/wp-json\/wp\/v2\/types\/post"}],"author":[{"embeddable":true,"href":"https:\/\/laserenaradio.cl\/web\/wp-json\/wp\/v2\/users\/2"}],"replies":[{"embeddable":true,"href":"https:\/\/laserenaradio.cl\/web\/wp-json\/wp\/v2\/comments?post=26231"}],"version-history":[{"count":1,"href":"https:\/\/laserenaradio.cl\/web\/wp-json\/wp\/v2\/posts\/26231\/revisions"}],"predecessor-version":[{"id":26232,"href":"https:\/\/laserenaradio.cl\/web\/wp-json\/wp\/v2\/posts\/26231\/revisions\/26232"}],"wp:featuredmedia":[{"embeddable":true,"href":"https:\/\/laserenaradio.cl\/web\/wp-json\/wp\/v2\/media\/26230"}],"wp:attachment":[{"href":"https:\/\/laserenaradio.cl\/web\/wp-json\/wp\/v2\/media?parent=26231"}],"wp:term":[{"taxonomy":"category","embeddable":true,"href":"https:\/\/laserenaradio.cl\/web\/wp-json\/wp\/v2\/categories?post=26231"},{"taxonomy":"post_tag","embeddable":true,"href":"https:\/\/laserenaradio.cl\/web\/wp-json\/wp\/v2\/tags?post=26231"}],"curies":[{"name":"wp","href":"https:\/\/api.w.org\/{rel}","templated":true}]}}