{"id":26228,"date":"2026-04-30T00:04:29","date_gmt":"2026-04-30T03:04:29","guid":{"rendered":"https:\/\/laserenaradio.cl\/web\/?p=26228"},"modified":"2026-04-30T00:04:29","modified_gmt":"2026-04-30T03:04:29","slug":"ministro-de-grange-sobre-recorte-presupuestario-del-3","status":"publish","type":"post","link":"https:\/\/laserenaradio.cl\/web\/2026\/04\/30\/ministro-de-grange-sobre-recorte-presupuestario-del-3\/","title":{"rendered":"Ministro De Grange sobre recorte presupuestario del 3%"},"content":{"rendered":"<p>Desde Valdivia, el ministro Louis De Grange mantuvo conversaci\u00f3n telef\u00f3nica con Radio Duna el martes por la ma\u00f1ana. Durante el intercambio, explic\u00f3 los detalles del ajuste presupuestario que afectar\u00e1 al 3% de su cartera.  <\/p>\n<p>En cuanto a optimizaciones operativas, anunci\u00f3 ajustes en la flota de transporte. Durante la noche, se redujo el n\u00famero de buses articulados (conocidos como \u201coruga\u201d) y se sustituyeron por unidades de 12 metros. Se\u00f1al\u00f3 que estos cambios no impactan la calidad del servicio, pero s\u00ed disminuyen costos. Los buses largos, por ejemplo, tienen un costo superior al doble que los de 12 metros.  <\/p>\n<p>Finalmente, indic\u00f3 que pr\u00f3ximamente se publicar\u00e1n anuncios relacionados con la desregulaci\u00f3n y simplificaci\u00f3n de normativas, orientadas a facilitar procesos y beneficiar la vida cotidiana de los ciudadanos.<\/p>\n<p><small><i><strong>Aviso de transparencia:<\/strong> Este art\u00edculo ha sido elaborado con la asistencia de Inteligencia Artificial para optimizar el procesamiento de informaci\u00f3n. Sin embargo, todo el contenido ha sido revisado, editado y validado por el equipo period\u00edstico de <strong><a href=\"https:\/\/laserenaradio.cl\/web\/\">LaSerenaRadio.cl<\/a><\/strong>, garantizando nuestra l\u00ednea editorial y veracidad informativa.<\/i><\/small><\/p>\n","protected":false},"excerpt":{"rendered":"<p>Desde Valdivia, el ministro Louis De Grange mantuvo conversaci\u00f3n telef\u00f3nica con Radio Duna el martes por la ma\u00f1ana. Durante el intercambio, explic\u00f3 los detalles del ajuste presupuestario que afectar\u00e1 al 3% de su cartera. En cuanto a optimizaciones operativas, anunci\u00f3 ajustes en la flota de transporte. Durante la noche, se redujo el n\u00famero de buses [&hellip;]<\/p>\n","protected":false},"author":2,"featured_media":26227,"comment_status":"closed","ping_status":"open","sticky":false,"template":"","format":"standard","meta":{"_jetpack_memberships_contains_paid_content":false,"jnews-multi-image_gallery":[],"jnews_single_post":[],"jnews_primary_category":[],"jnews_social_meta":[],"jnews_paywall_metabox":[],"jnews_review":[],"enable_review":"","type":"","name":"","summary":"","brand":"","sku":"","good":[],"bad":[],"score_override":"","override_value":"","rating":[],"price":[],"jnews_override_counter":[],"jnews_post_split":[],"footnotes":""},"categories":[83],"tags":[],"class_list":["post-26228","post","type-post","status-publish","format-standard","has-post-thumbnail","hentry","category-politica"],"jetpack_featured_media_url":"https:\/\/laserenaradio.cl\/web\/wp-content\/uploads\/2026\/04\/mediapiaiextstaticimg_webpMinistroGrange_1.webp","jetpack_sharing_enabled":true,"_links":{"self":[{"href":"https:\/\/laserenaradio.cl\/web\/wp-json\/wp\/v2\/posts\/26228","targetHints":{"allow":["GET"]}}],"collection":[{"href":"https:\/\/laserenaradio.cl\/web\/wp-json\/wp\/v2\/posts"}],"about":[{"href":"https:\/\/laserenaradio.cl\/web\/wp-json\/wp\/v2\/types\/post"}],"author":[{"embeddable":true,"href":"https:\/\/laserenaradio.cl\/web\/wp-json\/wp\/v2\/users\/2"}],"replies":[{"embeddable":true,"href":"https:\/\/laserenaradio.cl\/web\/wp-json\/wp\/v2\/comments?post=26228"}],"version-history":[{"count":1,"href":"https:\/\/laserenaradio.cl\/web\/wp-json\/wp\/v2\/posts\/26228\/revisions"}],"predecessor-version":[{"id":26229,"href":"https:\/\/laserenaradio.cl\/web\/wp-json\/wp\/v2\/posts\/26228\/revisions\/26229"}],"wp:featuredmedia":[{"embeddable":true,"href":"https:\/\/laserenaradio.cl\/web\/wp-json\/wp\/v2\/media\/26227"}],"wp:attachment":[{"href":"https:\/\/laserenaradio.cl\/web\/wp-json\/wp\/v2\/media?parent=26228"}],"wp:term":[{"taxonomy":"category","embeddable":true,"href":"https:\/\/laserenaradio.cl\/web\/wp-json\/wp\/v2\/categories?post=26228"},{"taxonomy":"post_tag","embeddable":true,"href":"https:\/\/laserenaradio.cl\/web\/wp-json\/wp\/v2\/tags?post=26228"}],"curies":[{"name":"wp","href":"https:\/\/api.w.org\/{rel}","templated":true}]}}