{"id":26225,"date":"2026-04-30T00:01:47","date_gmt":"2026-04-30T03:01:47","guid":{"rendered":"https:\/\/laserenaradio.cl\/web\/?p=26225"},"modified":"2026-04-30T00:01:47","modified_gmt":"2026-04-30T03:01:47","slug":"kast-descarta-recortes-en-alimentacion-escolar","status":"publish","type":"post","link":"https:\/\/laserenaradio.cl\/web\/2026\/04\/30\/kast-descarta-recortes-en-alimentacion-escolar\/","title":{"rendered":"Kast descarta recortes en alimentaci\u00f3n escolar"},"content":{"rendered":"<p>El presidente Jos\u00e9 Antonio Kast participa en el encuentro ciudadano de la iniciativa \u201cPresidente Presente\u201d, llevado a cabo en Coyhaique, regi\u00f3n de Ays\u00e9n, donde responde a inquietudes sobre recortes presupuestarios en ministerios, servicios y programas. Asisten tambi\u00e9n los titulares de Obras P\u00fablicas, Mart\u00edn Arrau; Transportes y Telecomunicaciones, Louis de Grange; y Econom\u00eda y Miner\u00eda, Daniel Mas.  <\/p>\n<p>Kast critica la dependencia de pocos proveedores en el sistema escolar. \u201cSi uno falla, \u00bfc\u00f3mo mantener el servicio?\u201d, cuestiona. Record\u00f3 episodios previos donde la falta de insumos gener\u00f3 la entrega de colaciones fr\u00edas. Tambi\u00e9n aborda el costo de estos alimentos y el trabajo de las manipuladoras. \u201cSe valora el esfuerzo, pero no se concilia con los precios reportados\u201d, comenta.  <\/p>\n<p>Finalmente, anuncia la asignaci\u00f3n de un cupo de Alta Direcci\u00f3n P\u00fablica a Junaeb para mejorar la gesti\u00f3n. \u201cEl objetivo es optimizar recursos y evitar retrocesos\u201d, concluye.<\/p>\n<p><small><i><strong>Aviso de transparencia:<\/strong> Este art\u00edculo ha sido elaborado con la asistencia de Inteligencia Artificial para optimizar el procesamiento de informaci\u00f3n. Sin embargo, todo el contenido ha sido revisado, editado y validado por el equipo period\u00edstico de <strong><a href=\"https:\/\/laserenaradio.cl\/web\/\">LaSerenaRadio.cl<\/a><\/strong>, garantizando nuestra l\u00ednea editorial y veracidad informativa.<\/i><\/small><\/p>\n","protected":false},"excerpt":{"rendered":"<p>El presidente Jos\u00e9 Antonio Kast participa en el encuentro ciudadano de la iniciativa \u201cPresidente Presente\u201d, llevado a cabo en Coyhaique, regi\u00f3n de Ays\u00e9n, donde responde a inquietudes sobre recortes presupuestarios en ministerios, servicios y programas. Asisten tambi\u00e9n los titulares de Obras P\u00fablicas, Mart\u00edn Arrau; Transportes y Telecomunicaciones, Louis de Grange; y Econom\u00eda y Miner\u00eda, Daniel [&hellip;]<\/p>\n","protected":false},"author":2,"featured_media":26224,"comment_status":"closed","ping_status":"open","sticky":false,"template":"","format":"standard","meta":{"_jetpack_memberships_contains_paid_content":false,"jnews-multi-image_gallery":[],"jnews_single_post":[],"jnews_primary_category":[],"jnews_social_meta":[],"jnews_paywall_metabox":[],"jnews_review":[],"enable_review":"","type":"","name":"","summary":"","brand":"","sku":"","good":[],"bad":[],"score_override":"","override_value":"","rating":[],"price":[],"jnews_override_counter":[],"jnews_post_split":[],"footnotes":""},"categories":[83],"tags":[],"class_list":["post-26225","post","type-post","status-publish","format-standard","has-post-thumbnail","hentry","category-politica"],"jetpack_featured_media_url":"https:\/\/laserenaradio.cl\/web\/wp-content\/uploads\/2026\/04\/mediapiaiextstaticimg_webpayudaCubaKastpresidente_0.webp","jetpack_sharing_enabled":true,"_links":{"self":[{"href":"https:\/\/laserenaradio.cl\/web\/wp-json\/wp\/v2\/posts\/26225","targetHints":{"allow":["GET"]}}],"collection":[{"href":"https:\/\/laserenaradio.cl\/web\/wp-json\/wp\/v2\/posts"}],"about":[{"href":"https:\/\/laserenaradio.cl\/web\/wp-json\/wp\/v2\/types\/post"}],"author":[{"embeddable":true,"href":"https:\/\/laserenaradio.cl\/web\/wp-json\/wp\/v2\/users\/2"}],"replies":[{"embeddable":true,"href":"https:\/\/laserenaradio.cl\/web\/wp-json\/wp\/v2\/comments?post=26225"}],"version-history":[{"count":1,"href":"https:\/\/laserenaradio.cl\/web\/wp-json\/wp\/v2\/posts\/26225\/revisions"}],"predecessor-version":[{"id":26226,"href":"https:\/\/laserenaradio.cl\/web\/wp-json\/wp\/v2\/posts\/26225\/revisions\/26226"}],"wp:featuredmedia":[{"embeddable":true,"href":"https:\/\/laserenaradio.cl\/web\/wp-json\/wp\/v2\/media\/26224"}],"wp:attachment":[{"href":"https:\/\/laserenaradio.cl\/web\/wp-json\/wp\/v2\/media?parent=26225"}],"wp:term":[{"taxonomy":"category","embeddable":true,"href":"https:\/\/laserenaradio.cl\/web\/wp-json\/wp\/v2\/categories?post=26225"},{"taxonomy":"post_tag","embeddable":true,"href":"https:\/\/laserenaradio.cl\/web\/wp-json\/wp\/v2\/tags?post=26225"}],"curies":[{"name":"wp","href":"https:\/\/api.w.org\/{rel}","templated":true}]}}