{"id":26222,"date":"2026-04-29T23:56:16","date_gmt":"2026-04-30T02:56:16","guid":{"rendered":"https:\/\/laserenaradio.cl\/web\/?p=26222"},"modified":"2026-04-29T23:56:16","modified_gmt":"2026-04-30T02:56:16","slug":"ataque-a-balazos-en-la-pintana-deje-a-hombre-gravemente-herido","status":"publish","type":"post","link":"https:\/\/laserenaradio.cl\/web\/2026\/04\/29\/ataque-a-balazos-en-la-pintana-deje-a-hombre-gravemente-herido\/","title":{"rendered":"Ataque a balazos en La Pintana deje a hombre gravemente herido"},"content":{"rendered":"<p>Un hombre de 35 a\u00f1os qued\u00f3 con gravedad tras recibir disparos en una v\u00eda p\u00fablica de La Pintana, espec\u00edficamente en la calle El Omb\u00fa, dentro del sector El Castillo. El fiscal de la <a href=\"https:\/\/www.fiscaliadechile.cl\/\">Fiscal\u00eda<\/a> ECOH de la Regi\u00f3n Metropolitana, Esteban Silva, present\u00f3 los primeros hallazgos del caso, clasificado como homicidio frustrado, con la v\u00edctima en estado cr\u00edtico y bajo tratamiento m\u00e9dico en el Hospital El Pino.  <\/p>\n<p>La presencia de numerosos asistentes a la feria, sumada a la luz natural del mediod\u00eda, no impidi\u00f3 que el fiscal destacara la escasa participaci\u00f3n de testigos dispuestos a colaborar con la investigaci\u00f3n. Hasta el momento, se han recopilado pruebas bal\u00edsticas y restos de sangre en el lugar del suceso.  <\/p>\n<p>Se descart\u00f3 la existencia de un menor de edad en el entorno inmediato, pese a informes iniciales. El equipo investigador contin\u00faa analizando las pruebas recabadas sin revelar informaci\u00f3n adicional sobre el contexto o posibles v\u00ednculos entre las partes.<\/p>\n<p><small><i><strong>Aviso de transparencia:<\/strong> Este art\u00edculo ha sido elaborado con la asistencia de Inteligencia Artificial para optimizar el procesamiento de informaci\u00f3n. Sin embargo, todo el contenido ha sido revisado, editado y validado por el equipo period\u00edstico de <strong><a href=\"https:\/\/laserenaradio.cl\/web\/\">LaSerenaRadio.cl<\/a><\/strong>, garantizando nuestra l\u00ednea editorial y veracidad informativa.<\/i><\/small><\/p>\n","protected":false},"excerpt":{"rendered":"<p>Un hombre de 35 a\u00f1os qued\u00f3 con gravedad tras recibir disparos en una v\u00eda p\u00fablica de La Pintana, espec\u00edficamente en la calle El Omb\u00fa, dentro del sector El Castillo. El fiscal de la Fiscal\u00eda ECOH de la Regi\u00f3n Metropolitana, Esteban Silva, present\u00f3 los primeros hallazgos del caso, clasificado como homicidio frustrado, con la v\u00edctima en [&hellip;]<\/p>\n","protected":false},"author":2,"featured_media":9076,"comment_status":"closed","ping_status":"open","sticky":false,"template":"","format":"standard","meta":{"_jetpack_memberships_contains_paid_content":false,"jnews-multi-image_gallery":[],"jnews_single_post":[],"jnews_primary_category":[],"jnews_social_meta":[],"jnews_paywall_metabox":[],"jnews_review":[],"enable_review":"","type":"","name":"","summary":"","brand":"","sku":"","good":[],"bad":[],"score_override":"","override_value":"","rating":[],"price":[],"jnews_override_counter":[],"jnews_post_split":[],"footnotes":""},"categories":[21],"tags":[],"class_list":["post-26222","post","type-post","status-publish","format-standard","has-post-thumbnail","hentry","category-nacional"],"jetpack_featured_media_url":"https:\/\/laserenaradio.cl\/web\/wp-content\/uploads\/2024\/12\/laserenaradio_nacional.webp","jetpack_sharing_enabled":true,"_links":{"self":[{"href":"https:\/\/laserenaradio.cl\/web\/wp-json\/wp\/v2\/posts\/26222","targetHints":{"allow":["GET"]}}],"collection":[{"href":"https:\/\/laserenaradio.cl\/web\/wp-json\/wp\/v2\/posts"}],"about":[{"href":"https:\/\/laserenaradio.cl\/web\/wp-json\/wp\/v2\/types\/post"}],"author":[{"embeddable":true,"href":"https:\/\/laserenaradio.cl\/web\/wp-json\/wp\/v2\/users\/2"}],"replies":[{"embeddable":true,"href":"https:\/\/laserenaradio.cl\/web\/wp-json\/wp\/v2\/comments?post=26222"}],"version-history":[{"count":1,"href":"https:\/\/laserenaradio.cl\/web\/wp-json\/wp\/v2\/posts\/26222\/revisions"}],"predecessor-version":[{"id":26223,"href":"https:\/\/laserenaradio.cl\/web\/wp-json\/wp\/v2\/posts\/26222\/revisions\/26223"}],"wp:featuredmedia":[{"embeddable":true,"href":"https:\/\/laserenaradio.cl\/web\/wp-json\/wp\/v2\/media\/9076"}],"wp:attachment":[{"href":"https:\/\/laserenaradio.cl\/web\/wp-json\/wp\/v2\/media?parent=26222"}],"wp:term":[{"taxonomy":"category","embeddable":true,"href":"https:\/\/laserenaradio.cl\/web\/wp-json\/wp\/v2\/categories?post=26222"},{"taxonomy":"post_tag","embeddable":true,"href":"https:\/\/laserenaradio.cl\/web\/wp-json\/wp\/v2\/tags?post=26222"}],"curies":[{"name":"wp","href":"https:\/\/api.w.org\/{rel}","templated":true}]}}