{"id":26220,"date":"2026-04-28T08:10:00","date_gmt":"2026-04-28T11:10:00","guid":{"rendered":"https:\/\/laserenaradio.cl\/web\/?p=26220"},"modified":"2026-04-28T08:10:00","modified_gmt":"2026-04-28T11:10:00","slug":"comienzan-reuniones-para-revisar-proyecto-de-reconstruccion-nacional","status":"publish","type":"post","link":"https:\/\/laserenaradio.cl\/web\/2026\/04\/28\/comienzan-reuniones-para-revisar-proyecto-de-reconstruccion-nacional\/","title":{"rendered":"Comienzan reuniones para revisar proyecto de reconstrucci\u00f3n nacional"},"content":{"rendered":"<p>La ley de reconstrucci\u00f3n y reactivaci\u00f3n nacional entra en una nueva fase este martes, tras su presentaci\u00f3n reciente ante el Congreso por parte del gobierno.  <\/p>\n<p>El lunes, las partes finalizaron la selecci\u00f3n de los asesores encargados de analizar el texto del proyecto y su impacto financiero. El grupo de trabajo se centrar\u00e1 en revisar el contenido legal y las proyecciones econ\u00f3micas, especialmente en lo relativo a las implicaciones fiscales derivadas de la reducci\u00f3n de impuestos.  <\/p>\n<p>Desde el <a href=\"https:\/\/www.hacienda.cl\/\">Ministerio de Hacienda<\/a>, asistir\u00e1n la coordinadora legislativa B\u00e1rbara Bayolo; Sebasti\u00e1n Vallebona, encargado de Pol\u00edtica Tributaria; Alejandro Guin-Po, coordinador macroecon\u00f3mico; Felipe Donoso, asesor de Quiroz; y Jos\u00e9 Ignacio Llodr\u00e1, subdirector de Racionalizaci\u00f3n y Funci\u00f3n P\u00fablica de la Direcci\u00f3n de Presupuestos.  <\/p>\n<p>La comisi\u00f3n aprovechar\u00e1 el receso distrital para avanzar en las discusiones, con el objetivo de consolidar propuestas antes de la pr\u00f3xima etapa legislativa.<\/p>\n<p><small><i><strong>Aviso de transparencia:<\/strong> Este art\u00edculo ha sido elaborado con la asistencia de Inteligencia Artificial para optimizar el procesamiento de informaci\u00f3n. Sin embargo, todo el contenido ha sido revisado, editado y validado por el equipo period\u00edstico de <strong><a href=\"https:\/\/laserenaradio.cl\/web\/\">LaSerenaRadio.cl<\/a><\/strong>, garantizando nuestra l\u00ednea editorial y veracidad informativa.<\/i><\/small><\/p>\n","protected":false},"excerpt":{"rendered":"<p>La ley de reconstrucci\u00f3n y reactivaci\u00f3n nacional entra en una nueva fase este martes, tras su presentaci\u00f3n reciente ante el Congreso por parte del gobierno. El lunes, las partes finalizaron la selecci\u00f3n de los asesores encargados de analizar el texto del proyecto y su impacto financiero. El grupo de trabajo se centrar\u00e1 en revisar el [&hellip;]<\/p>\n","protected":false},"author":2,"featured_media":9077,"comment_status":"closed","ping_status":"open","sticky":false,"template":"","format":"standard","meta":{"_jetpack_memberships_contains_paid_content":false,"jnews-multi-image_gallery":[],"jnews_single_post":[],"jnews_primary_category":[],"jnews_social_meta":[],"jnews_paywall_metabox":[],"jnews_review":[],"enable_review":"","type":"","name":"","summary":"","brand":"","sku":"","good":[],"bad":[],"score_override":"","override_value":"","rating":[],"price":[],"jnews_override_counter":[],"jnews_post_split":[],"footnotes":""},"categories":[83],"tags":[],"class_list":["post-26220","post","type-post","status-publish","format-standard","has-post-thumbnail","hentry","category-politica"],"jetpack_featured_media_url":"https:\/\/laserenaradio.cl\/web\/wp-content\/uploads\/2024\/12\/laserenaradio_politica.webp","jetpack_sharing_enabled":true,"_links":{"self":[{"href":"https:\/\/laserenaradio.cl\/web\/wp-json\/wp\/v2\/posts\/26220","targetHints":{"allow":["GET"]}}],"collection":[{"href":"https:\/\/laserenaradio.cl\/web\/wp-json\/wp\/v2\/posts"}],"about":[{"href":"https:\/\/laserenaradio.cl\/web\/wp-json\/wp\/v2\/types\/post"}],"author":[{"embeddable":true,"href":"https:\/\/laserenaradio.cl\/web\/wp-json\/wp\/v2\/users\/2"}],"replies":[{"embeddable":true,"href":"https:\/\/laserenaradio.cl\/web\/wp-json\/wp\/v2\/comments?post=26220"}],"version-history":[{"count":1,"href":"https:\/\/laserenaradio.cl\/web\/wp-json\/wp\/v2\/posts\/26220\/revisions"}],"predecessor-version":[{"id":26221,"href":"https:\/\/laserenaradio.cl\/web\/wp-json\/wp\/v2\/posts\/26220\/revisions\/26221"}],"wp:featuredmedia":[{"embeddable":true,"href":"https:\/\/laserenaradio.cl\/web\/wp-json\/wp\/v2\/media\/9077"}],"wp:attachment":[{"href":"https:\/\/laserenaradio.cl\/web\/wp-json\/wp\/v2\/media?parent=26220"}],"wp:term":[{"taxonomy":"category","embeddable":true,"href":"https:\/\/laserenaradio.cl\/web\/wp-json\/wp\/v2\/categories?post=26220"},{"taxonomy":"post_tag","embeddable":true,"href":"https:\/\/laserenaradio.cl\/web\/wp-json\/wp\/v2\/tags?post=26220"}],"curies":[{"name":"wp","href":"https:\/\/api.w.org\/{rel}","templated":true}]}}