{"id":26218,"date":"2026-04-28T08:08:22","date_gmt":"2026-04-28T11:08:22","guid":{"rendered":"https:\/\/laserenaradio.cl\/web\/?p=26218"},"modified":"2026-04-28T08:08:22","modified_gmt":"2026-04-28T11:08:22","slug":"detienen-a-comunicador-por-supuesto-vinculo-con-narcotrafico","status":"publish","type":"post","link":"https:\/\/laserenaradio.cl\/web\/2026\/04\/28\/detienen-a-comunicador-por-supuesto-vinculo-con-narcotrafico\/","title":{"rendered":"Detienen a comunicador por supuesto v\u00ednculo con narcotr\u00e1fico"},"content":{"rendered":"<p>Durante el martes, agentes de la <a href=\"https:\/\/www.pdichile.cl\/\">PDI<\/a> realizaron un operativo en el domicilio de Francisco Kaminski como parte de una investigaci\u00f3n por lavado de activos vinculados al narcotr\u00e1fico.  <\/p>\n<p>Inicialmente, Kaminski no fue incluido como imputado, pero su condici\u00f3n de persona de inter\u00e9s lo mantuvo bajo escrutinio hasta que se recopil\u00f3 evidencia suficiente para modificar su estatus.  <\/p>\n<p>La investigaci\u00f3n contin\u00faa con el objetivo de esclarecer la magnitud de las actividades investigadas y su relaci\u00f3n con organizaciones criminales.<\/p>\n<p><small><i><strong>Aviso de transparencia:<\/strong> Este art\u00edculo ha sido elaborado con la asistencia de Inteligencia Artificial para optimizar el procesamiento de informaci\u00f3n. Sin embargo, todo el contenido ha sido revisado, editado y validado por el equipo period\u00edstico de <strong><a href=\"https:\/\/laserenaradio.cl\/web\/\">LaSerenaRadio.cl<\/a><\/strong>, garantizando nuestra l\u00ednea editorial y veracidad informativa.<\/i><\/small><\/p>\n","protected":false},"excerpt":{"rendered":"<p>Durante el martes, agentes de la PDI realizaron un operativo en el domicilio de Francisco Kaminski como parte de una investigaci\u00f3n por lavado de activos vinculados al narcotr\u00e1fico. Inicialmente, Kaminski no fue incluido como imputado, pero su condici\u00f3n de persona de inter\u00e9s lo mantuvo bajo escrutinio hasta que se recopil\u00f3 evidencia suficiente para modificar su [&hellip;]<\/p>\n","protected":false},"author":2,"featured_media":26217,"comment_status":"closed","ping_status":"open","sticky":false,"template":"","format":"standard","meta":{"_jetpack_memberships_contains_paid_content":false,"jnews-multi-image_gallery":[],"jnews_single_post":[],"jnews_primary_category":[],"jnews_social_meta":[],"jnews_paywall_metabox":[],"jnews_review":[],"enable_review":"","type":"","name":"","summary":"","brand":"","sku":"","good":[],"bad":[],"score_override":"","override_value":"","rating":[],"price":[],"jnews_override_counter":[],"jnews_post_split":[],"footnotes":""},"categories":[21],"tags":[],"class_list":["post-26218","post","type-post","status-publish","format-standard","has-post-thumbnail","hentry","category-nacional"],"jetpack_featured_media_url":"https:\/\/laserenaradio.cl\/web\/wp-content\/uploads\/2026\/04\/mediapiaiextstaticimg_webpmartesagentespdichile_0.webp","jetpack_sharing_enabled":true,"_links":{"self":[{"href":"https:\/\/laserenaradio.cl\/web\/wp-json\/wp\/v2\/posts\/26218","targetHints":{"allow":["GET"]}}],"collection":[{"href":"https:\/\/laserenaradio.cl\/web\/wp-json\/wp\/v2\/posts"}],"about":[{"href":"https:\/\/laserenaradio.cl\/web\/wp-json\/wp\/v2\/types\/post"}],"author":[{"embeddable":true,"href":"https:\/\/laserenaradio.cl\/web\/wp-json\/wp\/v2\/users\/2"}],"replies":[{"embeddable":true,"href":"https:\/\/laserenaradio.cl\/web\/wp-json\/wp\/v2\/comments?post=26218"}],"version-history":[{"count":1,"href":"https:\/\/laserenaradio.cl\/web\/wp-json\/wp\/v2\/posts\/26218\/revisions"}],"predecessor-version":[{"id":26219,"href":"https:\/\/laserenaradio.cl\/web\/wp-json\/wp\/v2\/posts\/26218\/revisions\/26219"}],"wp:featuredmedia":[{"embeddable":true,"href":"https:\/\/laserenaradio.cl\/web\/wp-json\/wp\/v2\/media\/26217"}],"wp:attachment":[{"href":"https:\/\/laserenaradio.cl\/web\/wp-json\/wp\/v2\/media?parent=26218"}],"wp:term":[{"taxonomy":"category","embeddable":true,"href":"https:\/\/laserenaradio.cl\/web\/wp-json\/wp\/v2\/categories?post=26218"},{"taxonomy":"post_tag","embeddable":true,"href":"https:\/\/laserenaradio.cl\/web\/wp-json\/wp\/v2\/tags?post=26218"}],"curies":[{"name":"wp","href":"https:\/\/api.w.org\/{rel}","templated":true}]}}