{"id":26215,"date":"2026-04-27T23:33:08","date_gmt":"2026-04-28T02:33:08","guid":{"rendered":"https:\/\/laserenaradio.cl\/web\/?p=26215"},"modified":"2026-04-27T23:33:08","modified_gmt":"2026-04-28T02:33:08","slug":"fiscalia-regional-de-coquimbo-concurrio-a-saludar-a-carabineros-en-su-aniversario-99","status":"publish","type":"post","link":"https:\/\/laserenaradio.cl\/web\/2026\/04\/27\/fiscalia-regional-de-coquimbo-concurrio-a-saludar-a-carabineros-en-su-aniversario-99\/","title":{"rendered":"Fiscal\u00eda Regional de Coquimbo concurri\u00f3 a saludar a Carabineros en su aniversario 99"},"content":{"rendered":"<p>En el marco del aniversario n\u00famero 99 de Carabineros de Chile, el Fiscal Regional de Coquimbo (s), Rodrigo G\u00f3mez del Pino concurri\u00f3 a dar los saludos institucionales.<\/p>\n<p>En la ocasi\u00f3n fue recibido por el jefe de la zona de Carabineros Coquimbo, General Christian Brebi S\u00e1ez.<\/p>\n<p>En la oportunidad, ambas autoridades conversaron sobre el trabajo de Carabineros y la Fiscal\u00eda.<\/p>\n<p>Tras la visita, el Fiscal Regional (s) fue invitado por la autoridad policial y de seguridad p\u00fablica a una formaci\u00f3n policial que tuvo por objetivo ejercer labores de fiscalizaci\u00f3n junto con la autoridad municipal, ocasi\u00f3n en que el Fiscal Rodrigo G\u00f3mez dijo que trabajar con Carabineros en el \u00e1mbito investigativo. &#8220;Debo agradecer el arduo trabajo, muy comprometido, que nos llena de orgullo&#8221;, dijo.<\/p>\n<p>Adem\u00e1s, el persecutor regional particip\u00f3 en la misa de acci\u00f3n de gracias y en el desfile institucional realizado en La Serena.<\/p>\n","protected":false},"excerpt":{"rendered":"<p>En el marco del aniversario n\u00famero 99 de Carabineros de Chile, el Fiscal Regional de Coquimbo (s), Rodrigo G\u00f3mez del Pino concurri\u00f3 a dar los saludos institucionales. En la ocasi\u00f3n fue recibido por el jefe de la zona de Carabineros Coquimbo, General Christian Brebi S\u00e1ez. En la oportunidad, ambas autoridades conversaron sobre el trabajo de [&hellip;]<\/p>\n","protected":false},"author":2,"featured_media":26214,"comment_status":"closed","ping_status":"open","sticky":false,"template":"","format":"standard","meta":{"_jetpack_memberships_contains_paid_content":false,"jnews-multi-image_gallery":[],"jnews_single_post":[],"jnews_primary_category":[],"jnews_social_meta":[],"jnews_paywall_metabox":[],"jnews_review":[],"enable_review":"","type":"","name":"","summary":"","brand":"","sku":"","good":[],"bad":[],"score_override":"","override_value":"","rating":[],"price":[],"jnews_override_counter":[],"jnews_post_split":[],"footnotes":""},"categories":[21],"tags":[],"class_list":["post-26215","post","type-post","status-publish","format-standard","has-post-thumbnail","hentry","category-nacional"],"jetpack_featured_media_url":"https:\/\/laserenaradio.cl\/web\/wp-content\/uploads\/2026\/04\/mediapiaiextstaticimg_webpFiscaliaRegionalCarabinerosaniversarioFiscalRegionalCoquimbo_source-scaled.webp","jetpack_sharing_enabled":true,"_links":{"self":[{"href":"https:\/\/laserenaradio.cl\/web\/wp-json\/wp\/v2\/posts\/26215","targetHints":{"allow":["GET"]}}],"collection":[{"href":"https:\/\/laserenaradio.cl\/web\/wp-json\/wp\/v2\/posts"}],"about":[{"href":"https:\/\/laserenaradio.cl\/web\/wp-json\/wp\/v2\/types\/post"}],"author":[{"embeddable":true,"href":"https:\/\/laserenaradio.cl\/web\/wp-json\/wp\/v2\/users\/2"}],"replies":[{"embeddable":true,"href":"https:\/\/laserenaradio.cl\/web\/wp-json\/wp\/v2\/comments?post=26215"}],"version-history":[{"count":1,"href":"https:\/\/laserenaradio.cl\/web\/wp-json\/wp\/v2\/posts\/26215\/revisions"}],"predecessor-version":[{"id":26216,"href":"https:\/\/laserenaradio.cl\/web\/wp-json\/wp\/v2\/posts\/26215\/revisions\/26216"}],"wp:featuredmedia":[{"embeddable":true,"href":"https:\/\/laserenaradio.cl\/web\/wp-json\/wp\/v2\/media\/26214"}],"wp:attachment":[{"href":"https:\/\/laserenaradio.cl\/web\/wp-json\/wp\/v2\/media?parent=26215"}],"wp:term":[{"taxonomy":"category","embeddable":true,"href":"https:\/\/laserenaradio.cl\/web\/wp-json\/wp\/v2\/categories?post=26215"},{"taxonomy":"post_tag","embeddable":true,"href":"https:\/\/laserenaradio.cl\/web\/wp-json\/wp\/v2\/tags?post=26215"}],"curies":[{"name":"wp","href":"https:\/\/api.w.org\/{rel}","templated":true}]}}