{"id":26212,"date":"2026-04-27T23:25:22","date_gmt":"2026-04-28T02:25:22","guid":{"rendered":"https:\/\/laserenaradio.cl\/web\/?p=26212"},"modified":"2026-04-27T23:25:22","modified_gmt":"2026-04-28T02:25:22","slug":"investigan-maltrato-animal-y-conduccion-en-estado-de-ebriedad-en-la-serena","status":"publish","type":"post","link":"https:\/\/laserenaradio.cl\/web\/2026\/04\/27\/investigan-maltrato-animal-y-conduccion-en-estado-de-ebriedad-en-la-serena\/","title":{"rendered":"Investigan maltrato animal y conducci\u00f3n en estado de ebriedad en La Serena"},"content":{"rendered":"<p>La Fiscal\u00eda de Flagrancia de la Macrozona Norte \u00a0orden\u00f3 una serie de diligencias para investigar a un sujeto, quien en estado de ebriedad, habr\u00eda montado un caballo en la v\u00eda p\u00fablica, por la acera y la playa, en la Avenida del Mar con 4 Esquinas.<\/p>\n<p>Los hechos ocurrieron en la madrugada del domingo en que el sujeto realiz\u00f3 varias acciones mientras montaba al animal.<\/p>\n<p>Se le investiga por maltrato animal y conducci\u00f3n en estado de ebriedad. Todo habr\u00eda ocurrido en presencia de transe\u00fantes y por personal de seguridad ciudadana.<\/p>\n<p>La fiscal Yocelyn Weisser inform\u00f3 que se instruyeron diligencias como b\u00fasqueda de c\u00e1maras, fotos de las lesiones del equino, diligencias como la alcoholemia, empadronamiento de testigos, fotos del sitio del suceso.<\/p>\n","protected":false},"excerpt":{"rendered":"<p>La Fiscal\u00eda de Flagrancia de la Macrozona Norte \u00a0orden\u00f3 una serie de diligencias para investigar a un sujeto, quien en estado de ebriedad, habr\u00eda montado un caballo en la v\u00eda p\u00fablica, por la acera y la playa, en la Avenida del Mar con 4 Esquinas. Los hechos ocurrieron en la madrugada del domingo en que [&hellip;]<\/p>\n","protected":false},"author":2,"featured_media":9076,"comment_status":"closed","ping_status":"open","sticky":false,"template":"","format":"standard","meta":{"_jetpack_memberships_contains_paid_content":false,"jnews-multi-image_gallery":[],"jnews_single_post":[],"jnews_primary_category":[],"jnews_social_meta":[],"jnews_paywall_metabox":[],"jnews_review":[],"enable_review":"","type":"","name":"","summary":"","brand":"","sku":"","good":[],"bad":[],"score_override":"","override_value":"","rating":[],"price":[],"jnews_override_counter":[],"jnews_post_split":[],"footnotes":""},"categories":[21],"tags":[],"class_list":["post-26212","post","type-post","status-publish","format-standard","has-post-thumbnail","hentry","category-nacional"],"jetpack_featured_media_url":"https:\/\/laserenaradio.cl\/web\/wp-content\/uploads\/2024\/12\/laserenaradio_nacional.webp","jetpack_sharing_enabled":true,"_links":{"self":[{"href":"https:\/\/laserenaradio.cl\/web\/wp-json\/wp\/v2\/posts\/26212","targetHints":{"allow":["GET"]}}],"collection":[{"href":"https:\/\/laserenaradio.cl\/web\/wp-json\/wp\/v2\/posts"}],"about":[{"href":"https:\/\/laserenaradio.cl\/web\/wp-json\/wp\/v2\/types\/post"}],"author":[{"embeddable":true,"href":"https:\/\/laserenaradio.cl\/web\/wp-json\/wp\/v2\/users\/2"}],"replies":[{"embeddable":true,"href":"https:\/\/laserenaradio.cl\/web\/wp-json\/wp\/v2\/comments?post=26212"}],"version-history":[{"count":1,"href":"https:\/\/laserenaradio.cl\/web\/wp-json\/wp\/v2\/posts\/26212\/revisions"}],"predecessor-version":[{"id":26213,"href":"https:\/\/laserenaradio.cl\/web\/wp-json\/wp\/v2\/posts\/26212\/revisions\/26213"}],"wp:featuredmedia":[{"embeddable":true,"href":"https:\/\/laserenaradio.cl\/web\/wp-json\/wp\/v2\/media\/9076"}],"wp:attachment":[{"href":"https:\/\/laserenaradio.cl\/web\/wp-json\/wp\/v2\/media?parent=26212"}],"wp:term":[{"taxonomy":"category","embeddable":true,"href":"https:\/\/laserenaradio.cl\/web\/wp-json\/wp\/v2\/categories?post=26212"},{"taxonomy":"post_tag","embeddable":true,"href":"https:\/\/laserenaradio.cl\/web\/wp-json\/wp\/v2\/tags?post=26212"}],"curies":[{"name":"wp","href":"https:\/\/api.w.org\/{rel}","templated":true}]}}