{"id":26210,"date":"2026-04-27T22:27:06","date_gmt":"2026-04-28T01:27:06","guid":{"rendered":"https:\/\/laserenaradio.cl\/web\/?p=26210"},"modified":"2026-04-27T22:27:06","modified_gmt":"2026-04-28T01:27:06","slug":"manalich-recortes-en-programas-estatales-son-un-error-politico","status":"publish","type":"post","link":"https:\/\/laserenaradio.cl\/web\/2026\/04\/27\/manalich-recortes-en-programas-estatales-son-un-error-politico\/","title":{"rendered":"Ma\u00f1alich: Recortes en programas estatales son &#8220;un error pol\u00edtico&#8221;"},"content":{"rendered":"<p>El exministro de Salud, Jaime Ma\u00f1alich, expres\u00f3 una cr\u00edtica contundente hacia el Oficio N\u00b016 del <a href=\"https:\/\/www.hacienda.cl\/\">Ministerio de Hacienda<\/a>, que propone recortes en 142 programas estatales, entre ellos el Programa de Alimentaci\u00f3n Escolar de la <a href=\"https:\/\/www.junaeb.cl\/\">JUNAEB<\/a> y el Plan Nacional de Demencia. Calific\u00f3 estas medidas como un &#8220;error pol\u00edtico&#8221; y destac\u00f3 su preocupaci\u00f3n por los efectos a largo plazo que podr\u00edan derivarse de estos ajustes.  <\/p>\n<p>El exsecretario de Estado subray\u00f3 que la falta de di\u00e1logo previo en la elaboraci\u00f3n de estas propuestas fue un factor clave. Afirm\u00f3 que las decisiones sobre reducciones de gasto deben discutirse en reuniones con los ministerios involucrados, evitando que se conviertan en documentos p\u00fablicos que, seg\u00fan \u00e9l, reflejan una &#8220;ingenuidad pol\u00edtica&#8221;.  <\/p>\n<p>Ma\u00f1alich tambi\u00e9n cuestion\u00f3 la l\u00f3gica de priorizar ahorros inmediatos sobre inversiones que previenen gastos futuros. Ejemplific\u00f3 c\u00f3mo la interrupci\u00f3n del Programa de Alimentaci\u00f3n Escolar de la <a href=\"https:\/\/www.junaeb.cl\/\">JUNAEB<\/a> podr\u00eda aumentar costos en salud al no abordar problemas cr\u00f3nicos como la diabetes o la hipertensi\u00f3n.  <\/p>\n<p>Concluy\u00f3 que los ajustes propuestos no son adecuados para una sociedad desigual, donde programas como el FAE CA son esenciales para garantizar acceso a recursos b\u00e1sicos. Insisti\u00f3 en que las reducciones deben enfocarse en \u00e1reas con menor impacto social, evitando afectar iniciativas que promueven equidad y bienestar colectivo.<\/p>\n<p><small><i><strong>Aviso de transparencia:<\/strong> Este art\u00edculo ha sido elaborado con la asistencia de Inteligencia Artificial para optimizar el procesamiento de informaci\u00f3n. Sin embargo, todo el contenido ha sido revisado, editado y validado por el equipo period\u00edstico de <strong><a href=\"https:\/\/laserenaradio.cl\/web\/\">LaSerenaRadio.cl<\/a><\/strong>, garantizando nuestra l\u00ednea editorial y veracidad informativa.<\/i><\/small><\/p>\n","protected":false},"excerpt":{"rendered":"<p>El exministro de Salud, Jaime Ma\u00f1alich, expres\u00f3 una cr\u00edtica contundente hacia el Oficio N\u00b016 del Ministerio de Hacienda, que propone recortes en 142 programas estatales, entre ellos el Programa de Alimentaci\u00f3n Escolar de la JUNAEB y el Plan Nacional de Demencia. Calific\u00f3 estas medidas como un &#8220;error pol\u00edtico&#8221; y destac\u00f3 su preocupaci\u00f3n por los efectos [&hellip;]<\/p>\n","protected":false},"author":2,"featured_media":26209,"comment_status":"closed","ping_status":"open","sticky":false,"template":"","format":"standard","meta":{"_jetpack_memberships_contains_paid_content":false,"jnews-multi-image_gallery":[],"jnews_single_post":[],"jnews_primary_category":[],"jnews_social_meta":[],"jnews_paywall_metabox":[],"jnews_review":[],"enable_review":"","type":"","name":"","summary":"","brand":"","sku":"","good":[],"bad":[],"score_override":"","override_value":"","rating":[],"price":[],"jnews_override_counter":[],"jnews_post_split":[],"footnotes":""},"categories":[83],"tags":[],"class_list":["post-26210","post","type-post","status-publish","format-standard","has-post-thumbnail","hentry","category-politica"],"jetpack_featured_media_url":"https:\/\/laserenaradio.cl\/web\/wp-content\/uploads\/2026\/04\/mediapiaiextstaticimg_webpManalichRecortes_1.webp","jetpack_sharing_enabled":true,"_links":{"self":[{"href":"https:\/\/laserenaradio.cl\/web\/wp-json\/wp\/v2\/posts\/26210","targetHints":{"allow":["GET"]}}],"collection":[{"href":"https:\/\/laserenaradio.cl\/web\/wp-json\/wp\/v2\/posts"}],"about":[{"href":"https:\/\/laserenaradio.cl\/web\/wp-json\/wp\/v2\/types\/post"}],"author":[{"embeddable":true,"href":"https:\/\/laserenaradio.cl\/web\/wp-json\/wp\/v2\/users\/2"}],"replies":[{"embeddable":true,"href":"https:\/\/laserenaradio.cl\/web\/wp-json\/wp\/v2\/comments?post=26210"}],"version-history":[{"count":1,"href":"https:\/\/laserenaradio.cl\/web\/wp-json\/wp\/v2\/posts\/26210\/revisions"}],"predecessor-version":[{"id":26211,"href":"https:\/\/laserenaradio.cl\/web\/wp-json\/wp\/v2\/posts\/26210\/revisions\/26211"}],"wp:featuredmedia":[{"embeddable":true,"href":"https:\/\/laserenaradio.cl\/web\/wp-json\/wp\/v2\/media\/26209"}],"wp:attachment":[{"href":"https:\/\/laserenaradio.cl\/web\/wp-json\/wp\/v2\/media?parent=26210"}],"wp:term":[{"taxonomy":"category","embeddable":true,"href":"https:\/\/laserenaradio.cl\/web\/wp-json\/wp\/v2\/categories?post=26210"},{"taxonomy":"post_tag","embeddable":true,"href":"https:\/\/laserenaradio.cl\/web\/wp-json\/wp\/v2\/tags?post=26210"}],"curies":[{"name":"wp","href":"https:\/\/api.w.org\/{rel}","templated":true}]}}