{"id":26204,"date":"2026-04-27T22:23:03","date_gmt":"2026-04-28T01:23:03","guid":{"rendered":"https:\/\/laserenaradio.cl\/web\/?p=26204"},"modified":"2026-04-27T22:23:03","modified_gmt":"2026-04-28T01:23:03","slug":"colegio-de-profesores-demanda-al-ministerio-de-educacion-por-exigir-titulo-de-pedagogia-a-docentes-de-religion","status":"publish","type":"post","link":"https:\/\/laserenaradio.cl\/web\/2026\/04\/27\/colegio-de-profesores-demanda-al-ministerio-de-educacion-por-exigir-titulo-de-pedagogia-a-docentes-de-religion\/","title":{"rendered":"Colegio de Profesores demanda al Ministerio de Educaci\u00f3n por exigir t\u00edtulo de pedagog\u00eda a docentes de religi\u00f3n."},"content":{"rendered":"<p>La Corte de Apelaciones de Santiago acept\u00f3 un recurso presentado por el Colegio de Profesores y Profesionales de Chile frente a la Divisi\u00f3n de Educaci\u00f3n General del <a href=\"https:\/\/www.mineduc.cl\/\">Ministerio de Educaci\u00f3n<\/a> y la <a href=\"https:\/\/www.supereduc.cl\/\">Superintendencia de Educaci\u00f3n<\/a>. La demanda surge por la exigencia de poseer un t\u00edtulo de pedagog\u00eda para ejercer como docente de religi\u00f3n evang\u00e9lica, pese a que no existe dicha carrera en el pa\u00eds. El gremio denuncia que esta norma genera obst\u00e1culos para la habilitaci\u00f3n docente y ha provocado separaciones laborales.  <\/p>\n<p>Seg\u00fan Gabriel Fuentealba, presidente del gremio, la exigencia carece de base legal y genera vac\u00edos en el sistema educativo. Destac\u00f3 que la imposici\u00f3n de un requisito no existente en el marco acad\u00e9mico actual afecta la capacidad de los docentes para ejercer su profesi\u00f3n.  <\/p>\n<p>El Colegio de Profesores tambi\u00e9n se\u00f1al\u00f3 que la medida podr\u00eda vulnerar el derecho de los padres a elegir la educaci\u00f3n religiosa para sus hijos, seg\u00fan principios consagrados en la Constituci\u00f3n.  <\/p>\n<p>Con la admisi\u00f3n del caso, el proceso avanza a la etapa de evaluaci\u00f3n de informes por parte de las instituciones educativas. Paralelamente, el gremio asegura que seguir\u00e1 monitoreando acciones legales y administrativas, adem\u00e1s de solicitar garant\u00edas para mantener la ense\u00f1anza religiosa conforme a la legislaci\u00f3n vigente.<\/p>\n<p><small><i><strong>Aviso de transparencia:<\/strong> Este art\u00edculo ha sido elaborado con la asistencia de Inteligencia Artificial para optimizar el procesamiento de informaci\u00f3n. Sin embargo, todo el contenido ha sido revisado, editado y validado por el equipo period\u00edstico de <strong><a href=\"https:\/\/laserenaradio.cl\/web\/\">LaSerenaRadio.cl<\/a><\/strong>, garantizando nuestra l\u00ednea editorial y veracidad informativa.<\/i><\/small><\/p>\n","protected":false},"excerpt":{"rendered":"<p>La Corte de Apelaciones de Santiago acept\u00f3 un recurso presentado por el Colegio de Profesores y Profesionales de Chile frente a la Divisi\u00f3n de Educaci\u00f3n General del Ministerio de Educaci\u00f3n y la Superintendencia de Educaci\u00f3n. La demanda surge por la exigencia de poseer un t\u00edtulo de pedagog\u00eda para ejercer como docente de religi\u00f3n evang\u00e9lica, pese [&hellip;]<\/p>\n","protected":false},"author":2,"featured_media":26203,"comment_status":"closed","ping_status":"open","sticky":false,"template":"","format":"standard","meta":{"_jetpack_memberships_contains_paid_content":false,"jnews-multi-image_gallery":[],"jnews_single_post":[],"jnews_primary_category":[],"jnews_social_meta":[],"jnews_paywall_metabox":[],"jnews_review":[],"enable_review":"","type":"","name":"","summary":"","brand":"","sku":"","good":[],"bad":[],"score_override":"","override_value":"","rating":[],"price":[],"jnews_override_counter":[],"jnews_post_split":[],"footnotes":""},"categories":[21],"tags":[],"class_list":["post-26204","post","type-post","status-publish","format-standard","has-post-thumbnail","hentry","category-nacional"],"jetpack_featured_media_url":"https:\/\/laserenaradio.cl\/web\/wp-content\/uploads\/2026\/04\/mediapiaiextstaticimg_webpColegioProfesores_0.webp","jetpack_sharing_enabled":true,"_links":{"self":[{"href":"https:\/\/laserenaradio.cl\/web\/wp-json\/wp\/v2\/posts\/26204","targetHints":{"allow":["GET"]}}],"collection":[{"href":"https:\/\/laserenaradio.cl\/web\/wp-json\/wp\/v2\/posts"}],"about":[{"href":"https:\/\/laserenaradio.cl\/web\/wp-json\/wp\/v2\/types\/post"}],"author":[{"embeddable":true,"href":"https:\/\/laserenaradio.cl\/web\/wp-json\/wp\/v2\/users\/2"}],"replies":[{"embeddable":true,"href":"https:\/\/laserenaradio.cl\/web\/wp-json\/wp\/v2\/comments?post=26204"}],"version-history":[{"count":1,"href":"https:\/\/laserenaradio.cl\/web\/wp-json\/wp\/v2\/posts\/26204\/revisions"}],"predecessor-version":[{"id":26205,"href":"https:\/\/laserenaradio.cl\/web\/wp-json\/wp\/v2\/posts\/26204\/revisions\/26205"}],"wp:featuredmedia":[{"embeddable":true,"href":"https:\/\/laserenaradio.cl\/web\/wp-json\/wp\/v2\/media\/26203"}],"wp:attachment":[{"href":"https:\/\/laserenaradio.cl\/web\/wp-json\/wp\/v2\/media?parent=26204"}],"wp:term":[{"taxonomy":"category","embeddable":true,"href":"https:\/\/laserenaradio.cl\/web\/wp-json\/wp\/v2\/categories?post=26204"},{"taxonomy":"post_tag","embeddable":true,"href":"https:\/\/laserenaradio.cl\/web\/wp-json\/wp\/v2\/tags?post=26204"}],"curies":[{"name":"wp","href":"https:\/\/api.w.org\/{rel}","templated":true}]}}