{"id":26198,"date":"2026-04-27T16:42:43","date_gmt":"2026-04-27T19:42:43","guid":{"rendered":"https:\/\/laserenaradio.cl\/web\/?p=26198"},"modified":"2026-04-27T16:42:43","modified_gmt":"2026-04-27T19:42:43","slug":"la-diputada-pamela-jiles-contradice-sus-declaraciones-pasadas-sobre-su-posicion-politica","status":"publish","type":"post","link":"https:\/\/laserenaradio.cl\/web\/2026\/04\/27\/la-diputada-pamela-jiles-contradice-sus-declaraciones-pasadas-sobre-su-posicion-politica\/","title":{"rendered":"La diputada Pamela Jiles contradice sus declaraciones pasadas sobre su posici\u00f3n pol\u00edtica."},"content":{"rendered":"<p>Pamela Jiles, legisladora del Partido de la Gente, gener\u00f3 un debate reciente al exponer su postura frente al plan de reconstrucci\u00f3n propuesto por el gobierno de Jos\u00e9 Antonio Kast. Durante una entrevista en Mesa Central, cuando se le pregunt\u00f3 si apoyar\u00eda el proyecto, respondi\u00f3 sin precisar sus criterios ideol\u00f3gicos. \u201cNo s\u00e9 contra cu\u00e1les convicciones\u201d, dijo, lo que desencaden\u00f3 un cuestionamiento directo sobre su orientaci\u00f3n pol\u00edtica. Al ser solicitada una aclaraci\u00f3n, rechaz\u00f3 categ\u00f3ricamente haber identificado su identidad pol\u00edtica como de izquierda, exigiendo evidencia textual de sus declaraciones previas.  <\/p>\n<p>En cuanto a la negociaci\u00f3n con el Ejecutivo, Jiles destac\u00f3 la participaci\u00f3n del ministro Jos\u00e9 Garc\u00eda Ruminot, aunque se\u00f1al\u00f3 que el acuerdo \u201ca\u00fan no se concretar\u00e1\u201d y advirti\u00f3 consecuencias negativas si no se materializa. A pesar de esto, subray\u00f3 que su partido no respaldar\u00e1 al gobierno en ning\u00fan escenario, pero no descarta su voto si la mayor\u00eda parlamentaria lo respalda.  <\/p>\n<p>Su cr\u00edtica al proyecto se centra en su impacto econ\u00f3mico, argumentando que beneficiar\u00eda a sectores privilegiados. Para sustentar su postura, cit\u00f3 la necesidad de equilibrar fuerzas pol\u00edticas y sociales, enfatizando que la clase media requiere acciones concretas. As\u00ed, su discurso evolucion\u00f3 de cuestionar la alianza gubernamental a respaldar parcialmente la iniciativa, dependiendo del apoyo institucional.<\/p>\n<p><small><i><strong>Aviso de transparencia:<\/strong> Este art\u00edculo ha sido elaborado con la asistencia de Inteligencia Artificial para optimizar el procesamiento de informaci\u00f3n. Sin embargo, todo el contenido ha sido revisado, editado y validado por el equipo period\u00edstico de <strong><a href=\"https:\/\/laserenaradio.cl\/web\/\">LaSerenaRadio.cl<\/a><\/strong>, garantizando nuestra l\u00ednea editorial y veracidad informativa.<\/i><\/small><\/p>\n","protected":false},"excerpt":{"rendered":"<p>Pamela Jiles, legisladora del Partido de la Gente, gener\u00f3 un debate reciente al exponer su postura frente al plan de reconstrucci\u00f3n propuesto por el gobierno de Jos\u00e9 Antonio Kast. Durante una entrevista en Mesa Central, cuando se le pregunt\u00f3 si apoyar\u00eda el proyecto, respondi\u00f3 sin precisar sus criterios ideol\u00f3gicos. \u201cNo s\u00e9 contra cu\u00e1les convicciones\u201d, dijo, [&hellip;]<\/p>\n","protected":false},"author":2,"featured_media":26197,"comment_status":"closed","ping_status":"open","sticky":false,"template":"","format":"standard","meta":{"_jetpack_memberships_contains_paid_content":false,"jnews-multi-image_gallery":[],"jnews_single_post":[],"jnews_primary_category":[],"jnews_social_meta":[],"jnews_paywall_metabox":[],"jnews_review":[],"enable_review":"","type":"","name":"","summary":"","brand":"","sku":"","good":[],"bad":[],"score_override":"","override_value":"","rating":[],"price":[],"jnews_override_counter":[],"jnews_post_split":[],"footnotes":""},"categories":[83],"tags":[],"class_list":["post-26198","post","type-post","status-publish","format-standard","has-post-thumbnail","hentry","category-politica"],"jetpack_featured_media_url":"https:\/\/laserenaradio.cl\/web\/wp-content\/uploads\/2026\/04\/mediapiaiextstaticimg_webpPamelaJiles_0.webp","jetpack_sharing_enabled":true,"_links":{"self":[{"href":"https:\/\/laserenaradio.cl\/web\/wp-json\/wp\/v2\/posts\/26198","targetHints":{"allow":["GET"]}}],"collection":[{"href":"https:\/\/laserenaradio.cl\/web\/wp-json\/wp\/v2\/posts"}],"about":[{"href":"https:\/\/laserenaradio.cl\/web\/wp-json\/wp\/v2\/types\/post"}],"author":[{"embeddable":true,"href":"https:\/\/laserenaradio.cl\/web\/wp-json\/wp\/v2\/users\/2"}],"replies":[{"embeddable":true,"href":"https:\/\/laserenaradio.cl\/web\/wp-json\/wp\/v2\/comments?post=26198"}],"version-history":[{"count":1,"href":"https:\/\/laserenaradio.cl\/web\/wp-json\/wp\/v2\/posts\/26198\/revisions"}],"predecessor-version":[{"id":26199,"href":"https:\/\/laserenaradio.cl\/web\/wp-json\/wp\/v2\/posts\/26198\/revisions\/26199"}],"wp:featuredmedia":[{"embeddable":true,"href":"https:\/\/laserenaradio.cl\/web\/wp-json\/wp\/v2\/media\/26197"}],"wp:attachment":[{"href":"https:\/\/laserenaradio.cl\/web\/wp-json\/wp\/v2\/media?parent=26198"}],"wp:term":[{"taxonomy":"category","embeddable":true,"href":"https:\/\/laserenaradio.cl\/web\/wp-json\/wp\/v2\/categories?post=26198"},{"taxonomy":"post_tag","embeddable":true,"href":"https:\/\/laserenaradio.cl\/web\/wp-json\/wp\/v2\/tags?post=26198"}],"curies":[{"name":"wp","href":"https:\/\/api.w.org\/{rel}","templated":true}]}}