{"id":26195,"date":"2026-04-27T16:40:51","date_gmt":"2026-04-27T19:40:51","guid":{"rendered":"https:\/\/laserenaradio.cl\/web\/?p=26195"},"modified":"2026-04-27T16:40:51","modified_gmt":"2026-04-27T19:40:51","slug":"exalcalde-jadue-incumplio-medidas-cautelares","status":"publish","type":"post","link":"https:\/\/laserenaradio.cl\/web\/2026\/04\/27\/exalcalde-jadue-incumplio-medidas-cautelares\/","title":{"rendered":"Exalcalde Jadue incumpli\u00f3 medidas cautelares."},"content":{"rendered":"<p>La 16\u00b0 Comisar\u00eda de <a href=\"https:\/\/www.carabineros.cl\/\">Carabineros<\/a> de La Reina notific\u00f3 al Tercer Juzgado de Garant\u00eda de Santiago sobre el incumplimiento de las obligaciones impuestas a Daniel Jadue, exalcalde de Recoleta. Seg\u00fan inform\u00f3 la instituci\u00f3n policial, entre el lunes 13 de abril y el domingo 19 de abril, el exfuncionario no cumpli\u00f3 con la firma semanal exigida.  <\/p>\n<p>La defensa solicit\u00f3 reducir las condiciones cautelares, argumentando que el arresto total afectaba su capacidad laboral y generaba consecuencias psicol\u00f3gicas negativas. El tribunal acept\u00f3 la petici\u00f3n y modific\u00f3 el r\u00e9gimen, limitando el arresto a las horas nocturnas.  <\/p>\n<p>Jadue enfrenta cargos por fraude al fisco, estafa, cohecho y negociaci\u00f3n incompatible, con una posible pena de 18 a\u00f1os de prisi\u00f3n. La pr\u00f3xima audiencia de preparaci\u00f3n del juicio est\u00e1 programada para el 9 de junio.<\/p>\n<p><small><i><strong>Aviso de transparencia:<\/strong> Este art\u00edculo ha sido elaborado con la asistencia de Inteligencia Artificial para optimizar el procesamiento de informaci\u00f3n. Sin embargo, todo el contenido ha sido revisado, editado y validado por el equipo period\u00edstico de <strong><a href=\"https:\/\/laserenaradio.cl\/web\/\">LaSerenaRadio.cl<\/a><\/strong>, garantizando nuestra l\u00ednea editorial y veracidad informativa.<\/i><\/small><\/p>\n","protected":false},"excerpt":{"rendered":"<p>La 16\u00b0 Comisar\u00eda de Carabineros de La Reina notific\u00f3 al Tercer Juzgado de Garant\u00eda de Santiago sobre el incumplimiento de las obligaciones impuestas a Daniel Jadue, exalcalde de Recoleta. Seg\u00fan inform\u00f3 la instituci\u00f3n policial, entre el lunes 13 de abril y el domingo 19 de abril, el exfuncionario no cumpli\u00f3 con la firma semanal exigida. [&hellip;]<\/p>\n","protected":false},"author":2,"featured_media":26194,"comment_status":"closed","ping_status":"open","sticky":false,"template":"","format":"standard","meta":{"_jetpack_memberships_contains_paid_content":false,"jnews-multi-image_gallery":[],"jnews_single_post":[],"jnews_primary_category":[],"jnews_social_meta":[],"jnews_paywall_metabox":[],"jnews_review":[],"enable_review":"","type":"","name":"","summary":"","brand":"","sku":"","good":[],"bad":[],"score_override":"","override_value":"","rating":[],"price":[],"jnews_override_counter":[],"jnews_post_split":[],"footnotes":""},"categories":[21],"tags":[],"class_list":["post-26195","post","type-post","status-publish","format-standard","has-post-thumbnail","hentry","category-nacional"],"jetpack_featured_media_url":"https:\/\/laserenaradio.cl\/web\/wp-content\/uploads\/2026\/04\/mediapiaiextstaticimg_webpExalcaldeJadue_1.webp","jetpack_sharing_enabled":true,"_links":{"self":[{"href":"https:\/\/laserenaradio.cl\/web\/wp-json\/wp\/v2\/posts\/26195","targetHints":{"allow":["GET"]}}],"collection":[{"href":"https:\/\/laserenaradio.cl\/web\/wp-json\/wp\/v2\/posts"}],"about":[{"href":"https:\/\/laserenaradio.cl\/web\/wp-json\/wp\/v2\/types\/post"}],"author":[{"embeddable":true,"href":"https:\/\/laserenaradio.cl\/web\/wp-json\/wp\/v2\/users\/2"}],"replies":[{"embeddable":true,"href":"https:\/\/laserenaradio.cl\/web\/wp-json\/wp\/v2\/comments?post=26195"}],"version-history":[{"count":1,"href":"https:\/\/laserenaradio.cl\/web\/wp-json\/wp\/v2\/posts\/26195\/revisions"}],"predecessor-version":[{"id":26196,"href":"https:\/\/laserenaradio.cl\/web\/wp-json\/wp\/v2\/posts\/26195\/revisions\/26196"}],"wp:featuredmedia":[{"embeddable":true,"href":"https:\/\/laserenaradio.cl\/web\/wp-json\/wp\/v2\/media\/26194"}],"wp:attachment":[{"href":"https:\/\/laserenaradio.cl\/web\/wp-json\/wp\/v2\/media?parent=26195"}],"wp:term":[{"taxonomy":"category","embeddable":true,"href":"https:\/\/laserenaradio.cl\/web\/wp-json\/wp\/v2\/categories?post=26195"},{"taxonomy":"post_tag","embeddable":true,"href":"https:\/\/laserenaradio.cl\/web\/wp-json\/wp\/v2\/tags?post=26195"}],"curies":[{"name":"wp","href":"https:\/\/api.w.org\/{rel}","templated":true}]}}