{"id":26192,"date":"2026-04-27T16:32:22","date_gmt":"2026-04-27T19:32:22","guid":{"rendered":"https:\/\/laserenaradio.cl\/web\/?p=26192"},"modified":"2026-04-27T16:32:22","modified_gmt":"2026-04-27T19:32:22","slug":"diputados-de-udi-rechazan-reunion-del-gobierno-con-pc-y-fa","status":"publish","type":"post","link":"https:\/\/laserenaradio.cl\/web\/2026\/04\/27\/diputados-de-udi-rechazan-reunion-del-gobierno-con-pc-y-fa\/","title":{"rendered":"Diputados de UDI rechazan reuni\u00f3n del Gobierno con PC y FA."},"content":{"rendered":"<p>Los diputados Flor Weisse y Jaime Coloma, miembros de la UDI y parte de la Comisi\u00f3n de Hacienda, expresaron su desacuerdo con la decisi\u00f3n del Gobierno de organizar un encuentro con representantes del Partido Comunista y el Frente Amplio. Calificaron la iniciativa como un \u201cerror pol\u00edtico innecesario\u201d.  <\/p>\n<p>Sostuvieron que la participaci\u00f3n del PC y el FA responde m\u00e1s a una estrategia de comunicaci\u00f3n que a un genuino inter\u00e9s por contribuir al debate. Se\u00f1alaron que se trata de un \u201cespect\u00e1culo medi\u00e1tico\u201d dise\u00f1ado para proyectar una imagen distinta, alejada de su hist\u00f3rica postura obstructiva.  <\/p>\n<p>Los parlamentarios tambi\u00e9n cuestionaron la utilidad de la Secretar\u00eda General de la Presidencia (Segpres), al se\u00f1alar que no tiene sentido invertir tiempo y recursos en di\u00e1logos con actores que buscan desestabilizar la iniciativa.  <\/p>\n<p>Finalmente, Weisse y Coloma instaron al Ejecutivo a priorizar la discusi\u00f3n del proyecto, que se aprobar\u00e1 en mayo en la C\u00e1mara de Diputados, y a avanzar con determinaci\u00f3n, sin ceder ante grupos que hist\u00f3ricamente han bloqueado procesos, como ocurri\u00f3 durante el gobierno del presidente Pi\u00f1era.<\/p>\n<p><small><i><strong>Aviso de transparencia:<\/strong> Este art\u00edculo ha sido elaborado con la asistencia de Inteligencia Artificial para optimizar el procesamiento de informaci\u00f3n. Sin embargo, todo el contenido ha sido revisado, editado y validado por el equipo period\u00edstico de <strong><a href=\"https:\/\/laserenaradio.cl\/web\/\">LaSerenaRadio.cl<\/a><\/strong>, garantizando nuestra l\u00ednea editorial y veracidad informativa.<\/i><\/small><\/p>\n","protected":false},"excerpt":{"rendered":"<p>Los diputados Flor Weisse y Jaime Coloma, miembros de la UDI y parte de la Comisi\u00f3n de Hacienda, expresaron su desacuerdo con la decisi\u00f3n del Gobierno de organizar un encuentro con representantes del Partido Comunista y el Frente Amplio. Calificaron la iniciativa como un \u201cerror pol\u00edtico innecesario\u201d. Sostuvieron que la participaci\u00f3n del PC y el [&hellip;]<\/p>\n","protected":false},"author":2,"featured_media":26191,"comment_status":"closed","ping_status":"open","sticky":false,"template":"","format":"standard","meta":{"_jetpack_memberships_contains_paid_content":false,"jnews-multi-image_gallery":[],"jnews_single_post":[],"jnews_primary_category":[],"jnews_social_meta":[],"jnews_paywall_metabox":[],"jnews_review":[],"enable_review":"","type":"","name":"","summary":"","brand":"","sku":"","good":[],"bad":[],"score_override":"","override_value":"","rating":[],"price":[],"jnews_override_counter":[],"jnews_post_split":[],"footnotes":""},"categories":[83],"tags":[],"class_list":["post-26192","post","type-post","status-publish","format-standard","has-post-thumbnail","hentry","category-politica"],"jetpack_featured_media_url":"https:\/\/laserenaradio.cl\/web\/wp-content\/uploads\/2026\/04\/mediapiaiextstaticimg_webpDiputadosUDI_0.webp","jetpack_sharing_enabled":true,"_links":{"self":[{"href":"https:\/\/laserenaradio.cl\/web\/wp-json\/wp\/v2\/posts\/26192","targetHints":{"allow":["GET"]}}],"collection":[{"href":"https:\/\/laserenaradio.cl\/web\/wp-json\/wp\/v2\/posts"}],"about":[{"href":"https:\/\/laserenaradio.cl\/web\/wp-json\/wp\/v2\/types\/post"}],"author":[{"embeddable":true,"href":"https:\/\/laserenaradio.cl\/web\/wp-json\/wp\/v2\/users\/2"}],"replies":[{"embeddable":true,"href":"https:\/\/laserenaradio.cl\/web\/wp-json\/wp\/v2\/comments?post=26192"}],"version-history":[{"count":1,"href":"https:\/\/laserenaradio.cl\/web\/wp-json\/wp\/v2\/posts\/26192\/revisions"}],"predecessor-version":[{"id":26193,"href":"https:\/\/laserenaradio.cl\/web\/wp-json\/wp\/v2\/posts\/26192\/revisions\/26193"}],"wp:featuredmedia":[{"embeddable":true,"href":"https:\/\/laserenaradio.cl\/web\/wp-json\/wp\/v2\/media\/26191"}],"wp:attachment":[{"href":"https:\/\/laserenaradio.cl\/web\/wp-json\/wp\/v2\/media?parent=26192"}],"wp:term":[{"taxonomy":"category","embeddable":true,"href":"https:\/\/laserenaradio.cl\/web\/wp-json\/wp\/v2\/categories?post=26192"},{"taxonomy":"post_tag","embeddable":true,"href":"https:\/\/laserenaradio.cl\/web\/wp-json\/wp\/v2\/tags?post=26192"}],"curies":[{"name":"wp","href":"https:\/\/api.w.org\/{rel}","templated":true}]}}