{"id":26189,"date":"2026-04-27T16:27:00","date_gmt":"2026-04-27T19:27:00","guid":{"rendered":"https:\/\/laserenaradio.cl\/web\/?p=26189"},"modified":"2026-04-27T16:27:00","modified_gmt":"2026-04-27T19:27:00","slug":"confirmada-prision-preventiva-por-asesinato-de-carabinero","status":"publish","type":"post","link":"https:\/\/laserenaradio.cl\/web\/2026\/04\/27\/confirmada-prision-preventiva-por-asesinato-de-carabinero\/","title":{"rendered":"Confirmada prisi\u00f3n preventiva por asesinato de carabinero."},"content":{"rendered":"<p>La Corte de Apelaciones de Temuco valid\u00f3 la detenci\u00f3n anticipada de Francisco Javier Painevilo Maldonado, vinculado al asesinato del carabinero Eugenio Na\u00edn Caniumil. El delito ocurri\u00f3 el 30 de octubre de 2020 en el sector de Metrenco, dentro de la comuna de Padre Las Casas, en la regi\u00f3n de La Araucan\u00eda.  <\/p>\n<p>El fiscal Carlos Bustos destac\u00f3 que la corte consider\u00f3 \u201cevidencia que respalda la vinculaci\u00f3n del imputado con los delitos por los que fue acusado\u201d. Entre las acusaciones figuran homicidio en grado de frustrado contra un carabinero, homicidio simple y disparos sin justificaci\u00f3n legal.  <\/p>\n<p>Tras la formalizaci\u00f3n en el Tribunal de Garant\u00eda de Temuco, se confirm\u00f3 la aplicaci\u00f3n de la prisi\u00f3n preventiva, con cumplimiento en el Centro de Cumplimiento Penitenciario de Temuco. La sentencia refleja la postura judicial sobre la gravedad de los cargos y la necesidad de garantizar la investigaci\u00f3n sin liberar al acusado.<\/p>\n<p><small><i><strong>Aviso de transparencia:<\/strong> Este art\u00edculo ha sido elaborado con la asistencia de Inteligencia Artificial para optimizar el procesamiento de informaci\u00f3n. Sin embargo, todo el contenido ha sido revisado, editado y validado por el equipo period\u00edstico de <strong><a href=\"https:\/\/laserenaradio.cl\/web\/\">LaSerenaRadio.cl<\/a><\/strong>, garantizando nuestra l\u00ednea editorial y veracidad informativa.<\/i><\/small><\/p>\n","protected":false},"excerpt":{"rendered":"<p>La Corte de Apelaciones de Temuco valid\u00f3 la detenci\u00f3n anticipada de Francisco Javier Painevilo Maldonado, vinculado al asesinato del carabinero Eugenio Na\u00edn Caniumil. El delito ocurri\u00f3 el 30 de octubre de 2020 en el sector de Metrenco, dentro de la comuna de Padre Las Casas, en la regi\u00f3n de La Araucan\u00eda. El fiscal Carlos Bustos [&hellip;]<\/p>\n","protected":false},"author":2,"featured_media":9076,"comment_status":"closed","ping_status":"open","sticky":false,"template":"","format":"standard","meta":{"_jetpack_memberships_contains_paid_content":false,"jnews-multi-image_gallery":[],"jnews_single_post":[],"jnews_primary_category":[],"jnews_social_meta":[],"jnews_paywall_metabox":[],"jnews_review":[],"enable_review":"","type":"","name":"","summary":"","brand":"","sku":"","good":[],"bad":[],"score_override":"","override_value":"","rating":[],"price":[],"jnews_override_counter":[],"jnews_post_split":[],"footnotes":""},"categories":[21],"tags":[],"class_list":["post-26189","post","type-post","status-publish","format-standard","has-post-thumbnail","hentry","category-nacional"],"jetpack_featured_media_url":"https:\/\/laserenaradio.cl\/web\/wp-content\/uploads\/2024\/12\/laserenaradio_nacional.webp","jetpack_sharing_enabled":true,"_links":{"self":[{"href":"https:\/\/laserenaradio.cl\/web\/wp-json\/wp\/v2\/posts\/26189","targetHints":{"allow":["GET"]}}],"collection":[{"href":"https:\/\/laserenaradio.cl\/web\/wp-json\/wp\/v2\/posts"}],"about":[{"href":"https:\/\/laserenaradio.cl\/web\/wp-json\/wp\/v2\/types\/post"}],"author":[{"embeddable":true,"href":"https:\/\/laserenaradio.cl\/web\/wp-json\/wp\/v2\/users\/2"}],"replies":[{"embeddable":true,"href":"https:\/\/laserenaradio.cl\/web\/wp-json\/wp\/v2\/comments?post=26189"}],"version-history":[{"count":1,"href":"https:\/\/laserenaradio.cl\/web\/wp-json\/wp\/v2\/posts\/26189\/revisions"}],"predecessor-version":[{"id":26190,"href":"https:\/\/laserenaradio.cl\/web\/wp-json\/wp\/v2\/posts\/26189\/revisions\/26190"}],"wp:featuredmedia":[{"embeddable":true,"href":"https:\/\/laserenaradio.cl\/web\/wp-json\/wp\/v2\/media\/9076"}],"wp:attachment":[{"href":"https:\/\/laserenaradio.cl\/web\/wp-json\/wp\/v2\/media?parent=26189"}],"wp:term":[{"taxonomy":"category","embeddable":true,"href":"https:\/\/laserenaradio.cl\/web\/wp-json\/wp\/v2\/categories?post=26189"},{"taxonomy":"post_tag","embeddable":true,"href":"https:\/\/laserenaradio.cl\/web\/wp-json\/wp\/v2\/tags?post=26189"}],"curies":[{"name":"wp","href":"https:\/\/api.w.org\/{rel}","templated":true}]}}