{"id":26187,"date":"2026-04-27T16:24:31","date_gmt":"2026-04-27T19:24:31","guid":{"rendered":"https:\/\/laserenaradio.cl\/web\/?p=26187"},"modified":"2026-04-27T16:24:31","modified_gmt":"2026-04-27T19:24:31","slug":"vigilancia-fronteriza-permitio-detectar-ingreso-de-importante-cargamento-de-cocaina-desde-bolivia","status":"publish","type":"post","link":"https:\/\/laserenaradio.cl\/web\/2026\/04\/27\/vigilancia-fronteriza-permitio-detectar-ingreso-de-importante-cargamento-de-cocaina-desde-bolivia\/","title":{"rendered":"Vigilancia fronteriza permiti\u00f3 detectar ingreso de importante cargamento de coca\u00edna desde Bolivia"},"content":{"rendered":"<p>La vigilancia intensiva de zonas cr\u00edticas de la regi\u00f3n, que forma parte de la estrategia de control integral impulsada por el Ministerio P\u00fablico para el combate del crimen organizado en sus distintas manifestaciones, permiti\u00f3 la incautaci\u00f3n de 47 kilos de clorhidrato de coca\u00edna en el sector fronterizo de Ollag\u00fce.<\/p>\n<p>El procedimiento se inici\u00f3 durante la noche de este jueves, cuando efectivos del Ej\u00e9rcito que realizaban vigilancias, detect\u00f3 a trav\u00e9s de c\u00e1maras termales a dos individuos ingresando a territorio chileno desde Bolivia, transportando dos maletas de peque\u00f1as dimensiones, que posteriormente abandonaron en la v\u00eda p\u00fablica, para enseguida huir en direcci\u00f3n a la frontera.<\/p>\n<p>Ante esta situaci\u00f3n, el personal militar dio inmediato aviso a Carabineros de la Tenencia de Ollag\u00fce, quienes concurrieron al lugar verificando la presencia de dos maletas que en su interior conten\u00edan 45 paquetes tipo \u201cladrillo\u201d con droga, cada uno con un peso aproximado de un kilo.<\/p>\n<p>Por instrucci\u00f3n del Ministerio P\u00fablico, OS7 de la Prefectura de El Loa se hizo cargo del procedimiento, desarrollando diversas diligencias investigativas y patrullajes en el sector fronterizo con el prop\u00f3sito de ubicar a los responsables de la internaci\u00f3n ilegal, pero sin resultados positivos.<\/p>\n<p>ALIANZA<\/p>\n<p>El Fiscal Regional (s) de Antofagasta, Eduardo Pe\u00f1a Mart\u00ednez, destac\u00f3 el trabajo interinstitucional desarrollado en este caso, el cual permiti\u00f3 detectar, con medios tecnol\u00f3gicos, el ingreso ilegal de estas personas y, en cosa de minutos, disponer la llegada de personal fronterizo de carabineros al lugar de los hechos.<\/p>\n<p>\u201cSon estas coordinaciones, y este protocolo de trabajo que hemos venido implementando en la regi\u00f3n por instrucciones de la Fiscal\u00eda Regional, las que nos han permitido dar importantes golpes al narcotr\u00e1fico transnacional, impidiendo que importantes cantidades de drogas lleguen a las calles, afectando la salud p\u00fablica y la seguridad\u201d, dijo el persecutor.<\/p>\n<p>En la misma l\u00ednea, el Jefe de la Zona de Carabineros de Antofagasta, general Cristian Montre Soto, destac\u00f3 importancia del trabajo coordinado que desarrollan Ej\u00e9rcito y Carabineros en la primera l\u00ednea de control.<\/p>\n<p>\u201cLa frontera norte es un punto estrat\u00e9gico para el control del crimen organizado, y como Carabineros mantenemos un despliegue permanente junto a otras instituciones del Estado, fortaleciendo la fiscalizaci\u00f3n y la presencia operativa para impedir que estas organizaciones utilicen nuestro territorio para sus actividades il\u00edcitas\u201d, precis\u00f3.<\/p>\n","protected":false},"excerpt":{"rendered":"<p>La vigilancia intensiva de zonas cr\u00edticas de la regi\u00f3n, que forma parte de la estrategia de control integral impulsada por el Ministerio P\u00fablico para el combate del crimen organizado en sus distintas manifestaciones, permiti\u00f3 la incautaci\u00f3n de 47 kilos de clorhidrato de coca\u00edna en el sector fronterizo de Ollag\u00fce. El procedimiento se inici\u00f3 durante la [&hellip;]<\/p>\n","protected":false},"author":2,"featured_media":26186,"comment_status":"closed","ping_status":"open","sticky":false,"template":"","format":"standard","meta":{"_jetpack_memberships_contains_paid_content":false,"jnews-multi-image_gallery":[],"jnews_single_post":[],"jnews_primary_category":[],"jnews_social_meta":[],"jnews_paywall_metabox":[],"jnews_review":[],"enable_review":"","type":"","name":"","summary":"","brand":"","sku":"","good":[],"bad":[],"score_override":"","override_value":"","rating":[],"price":[],"jnews_override_counter":[],"jnews_post_split":[],"footnotes":""},"categories":[21],"tags":[],"class_list":["post-26187","post","type-post","status-publish","format-standard","has-post-thumbnail","hentry","category-nacional"],"jetpack_featured_media_url":"https:\/\/laserenaradio.cl\/web\/wp-content\/uploads\/2026\/04\/mediapiaiextstaticimg_webpVigilanciaBoliviaCarabineroscontrolfronterizotrabajo_source.webp","jetpack_sharing_enabled":true,"_links":{"self":[{"href":"https:\/\/laserenaradio.cl\/web\/wp-json\/wp\/v2\/posts\/26187","targetHints":{"allow":["GET"]}}],"collection":[{"href":"https:\/\/laserenaradio.cl\/web\/wp-json\/wp\/v2\/posts"}],"about":[{"href":"https:\/\/laserenaradio.cl\/web\/wp-json\/wp\/v2\/types\/post"}],"author":[{"embeddable":true,"href":"https:\/\/laserenaradio.cl\/web\/wp-json\/wp\/v2\/users\/2"}],"replies":[{"embeddable":true,"href":"https:\/\/laserenaradio.cl\/web\/wp-json\/wp\/v2\/comments?post=26187"}],"version-history":[{"count":1,"href":"https:\/\/laserenaradio.cl\/web\/wp-json\/wp\/v2\/posts\/26187\/revisions"}],"predecessor-version":[{"id":26188,"href":"https:\/\/laserenaradio.cl\/web\/wp-json\/wp\/v2\/posts\/26187\/revisions\/26188"}],"wp:featuredmedia":[{"embeddable":true,"href":"https:\/\/laserenaradio.cl\/web\/wp-json\/wp\/v2\/media\/26186"}],"wp:attachment":[{"href":"https:\/\/laserenaradio.cl\/web\/wp-json\/wp\/v2\/media?parent=26187"}],"wp:term":[{"taxonomy":"category","embeddable":true,"href":"https:\/\/laserenaradio.cl\/web\/wp-json\/wp\/v2\/categories?post=26187"},{"taxonomy":"post_tag","embeddable":true,"href":"https:\/\/laserenaradio.cl\/web\/wp-json\/wp\/v2\/tags?post=26187"}],"curies":[{"name":"wp","href":"https:\/\/api.w.org\/{rel}","templated":true}]}}