{"id":26184,"date":"2026-04-26T21:13:16","date_gmt":"2026-04-27T00:13:16","guid":{"rendered":"https:\/\/laserenaradio.cl\/web\/?p=26184"},"modified":"2026-04-26T21:13:16","modified_gmt":"2026-04-27T00:13:16","slug":"proyecto-busca-restringir-acceso-a-plataformas-digitales-a-menores-de-16-anos","status":"publish","type":"post","link":"https:\/\/laserenaradio.cl\/web\/2026\/04\/26\/proyecto-busca-restringir-acceso-a-plataformas-digitales-a-menores-de-16-anos\/","title":{"rendered":"Proyecto busca restringir acceso a plataformas digitales a menores de 16 a\u00f1os"},"content":{"rendered":"<p>El gobierno impulsa una iniciativa legislativa centrada en limitar el acceso de menores de 16 a\u00f1os a plataformas digitales, en respuesta a crecientes preocupaciones sobre el ciberacoso, la adicci\u00f3n tecnol\u00f3gica y la influencia de algoritmos en el contenido que consumen. Mar\u00eda Jes\u00fas Wulf, titular de Desarrollo Social, asegura que el dise\u00f1o del plan incluye colaboraci\u00f3n con m\u00faltiples sectores, lo que garantiza su aceptaci\u00f3n transversal en el Congreso.  <\/p>\n<p>Marco Sulantay, representante de la UDI, respalda la iniciativa al se\u00f1alar que el acceso sin restricciones se ha convertido en un problema social relevante. Adem\u00e1s, se\u00f1ala que redes sociales son utilizadas por redes delictivas para contactar a menores, aprovechando su vulnerabilidad.  <\/p>\n<p>Pr\u00f3ximamente se espera divulgar informaci\u00f3n detallada sobre el proyecto, en un contexto donde el debate en el Congreso incluye m\u00faltiples posturas. Este avance podr\u00eda marcar un giro significativo en la regulaci\u00f3n del entorno digital para la poblaci\u00f3n joven.<\/p>\n<p><small><i><strong>Aviso de transparencia:<\/strong> Este art\u00edculo ha sido elaborado con la asistencia de Inteligencia Artificial para optimizar el procesamiento de informaci\u00f3n. Sin embargo, todo el contenido ha sido revisado, editado y validado por el equipo period\u00edstico de <strong><a href=\"https:\/\/laserenaradio.cl\/web\/\">LaSerenaRadio.cl<\/a><\/strong>, garantizando nuestra l\u00ednea editorial y veracidad informativa.<\/i><\/small><\/p>\n","protected":false},"excerpt":{"rendered":"<p>El gobierno impulsa una iniciativa legislativa centrada en limitar el acceso de menores de 16 a\u00f1os a plataformas digitales, en respuesta a crecientes preocupaciones sobre el ciberacoso, la adicci\u00f3n tecnol\u00f3gica y la influencia de algoritmos en el contenido que consumen. Mar\u00eda Jes\u00fas Wulf, titular de Desarrollo Social, asegura que el dise\u00f1o del plan incluye colaboraci\u00f3n [&hellip;]<\/p>\n","protected":false},"author":2,"featured_media":9077,"comment_status":"closed","ping_status":"open","sticky":false,"template":"","format":"standard","meta":{"_jetpack_memberships_contains_paid_content":false,"jnews-multi-image_gallery":[],"jnews_single_post":[],"jnews_primary_category":[],"jnews_social_meta":[],"jnews_paywall_metabox":[],"jnews_review":[],"enable_review":"","type":"","name":"","summary":"","brand":"","sku":"","good":[],"bad":[],"score_override":"","override_value":"","rating":[],"price":[],"jnews_override_counter":[],"jnews_post_split":[],"footnotes":""},"categories":[83],"tags":[],"class_list":["post-26184","post","type-post","status-publish","format-standard","has-post-thumbnail","hentry","category-politica"],"jetpack_featured_media_url":"https:\/\/laserenaradio.cl\/web\/wp-content\/uploads\/2024\/12\/laserenaradio_politica.webp","jetpack_sharing_enabled":true,"_links":{"self":[{"href":"https:\/\/laserenaradio.cl\/web\/wp-json\/wp\/v2\/posts\/26184","targetHints":{"allow":["GET"]}}],"collection":[{"href":"https:\/\/laserenaradio.cl\/web\/wp-json\/wp\/v2\/posts"}],"about":[{"href":"https:\/\/laserenaradio.cl\/web\/wp-json\/wp\/v2\/types\/post"}],"author":[{"embeddable":true,"href":"https:\/\/laserenaradio.cl\/web\/wp-json\/wp\/v2\/users\/2"}],"replies":[{"embeddable":true,"href":"https:\/\/laserenaradio.cl\/web\/wp-json\/wp\/v2\/comments?post=26184"}],"version-history":[{"count":1,"href":"https:\/\/laserenaradio.cl\/web\/wp-json\/wp\/v2\/posts\/26184\/revisions"}],"predecessor-version":[{"id":26185,"href":"https:\/\/laserenaradio.cl\/web\/wp-json\/wp\/v2\/posts\/26184\/revisions\/26185"}],"wp:featuredmedia":[{"embeddable":true,"href":"https:\/\/laserenaradio.cl\/web\/wp-json\/wp\/v2\/media\/9077"}],"wp:attachment":[{"href":"https:\/\/laserenaradio.cl\/web\/wp-json\/wp\/v2\/media?parent=26184"}],"wp:term":[{"taxonomy":"category","embeddable":true,"href":"https:\/\/laserenaradio.cl\/web\/wp-json\/wp\/v2\/categories?post=26184"},{"taxonomy":"post_tag","embeddable":true,"href":"https:\/\/laserenaradio.cl\/web\/wp-json\/wp\/v2\/tags?post=26184"}],"curies":[{"name":"wp","href":"https:\/\/api.w.org\/{rel}","templated":true}]}}