{"id":26182,"date":"2026-04-26T20:41:26","date_gmt":"2026-04-26T23:41:26","guid":{"rendered":"https:\/\/laserenaradio.cl\/web\/?p=26182"},"modified":"2026-04-26T20:41:26","modified_gmt":"2026-04-26T23:41:26","slug":"everton-supera-por-3-1-a-cobresal","status":"publish","type":"post","link":"https:\/\/laserenaradio.cl\/web\/2026\/04\/26\/everton-supera-por-3-1-a-cobresal\/","title":{"rendered":"Everton supera por 3-1 a Cobresal"},"content":{"rendered":"<p>El equipo dirigido por Walter Ribonetto logr\u00f3 una victoria clave por 3-1 sobre Cobresal, asegurando su escape de la zona de descenso. Everton de Vi\u00f1a del Mar retom\u00f3 el camino del triunfo en la Liga de Primera tras derrotar al equipo minero.  <\/p>\n<p>En la segunda mitad, Cobresal intent\u00f3 desesperadamente remontar, mostrando mayor intensidad pero chocando repetidamente contra la barrera. Ignacio Gonz\u00e1lez, por su parte, se erigi\u00f3 como el guardi\u00e1n principal, manteniendo su porter\u00eda invicta.  <\/p>\n<p>Cobresal finaliza la jornada con 10 unidades, evitando por poco el fondo gracias a la diferencia de goles. Su pr\u00f3ximo enfrentamiento ser\u00e1 contra \u00d1ublense el 2 de mayo por la Copa de la Liga, seguido de un duelo ante O\u2019Higgins y una visita a Deportes Concepci\u00f3n.  <\/p>\n<p>La tabla refleja que Everton, tras meses sin victorias, ahora mira hacia el horizonte con optimismo, mientras que Cobresal busca recuperar estabilidad antes de enfrentar compromisos importantes.<\/p>\n<p><small><i><strong>Aviso de transparencia:<\/strong> Este art\u00edculo ha sido elaborado con la asistencia de Inteligencia Artificial para optimizar el procesamiento de informaci\u00f3n. Sin embargo, todo el contenido ha sido revisado, editado y validado por el equipo period\u00edstico de <strong><a href=\"https:\/\/laserenaradio.cl\/web\/\">LaSerenaRadio.cl<\/a><\/strong>, garantizando nuestra l\u00ednea editorial y veracidad informativa.<\/i><\/small><\/p>\n","protected":false},"excerpt":{"rendered":"<p>El equipo dirigido por Walter Ribonetto logr\u00f3 una victoria clave por 3-1 sobre Cobresal, asegurando su escape de la zona de descenso. Everton de Vi\u00f1a del Mar retom\u00f3 el camino del triunfo en la Liga de Primera tras derrotar al equipo minero. En la segunda mitad, Cobresal intent\u00f3 desesperadamente remontar, mostrando mayor intensidad pero chocando [&hellip;]<\/p>\n","protected":false},"author":2,"featured_media":26181,"comment_status":"closed","ping_status":"open","sticky":false,"template":"","format":"standard","meta":{"_jetpack_memberships_contains_paid_content":false,"jnews-multi-image_gallery":[],"jnews_single_post":[],"jnews_primary_category":[],"jnews_social_meta":[],"jnews_paywall_metabox":[],"jnews_review":[],"enable_review":"","type":"","name":"","summary":"","brand":"","sku":"","good":[],"bad":[],"score_override":"","override_value":"","rating":[],"price":[],"jnews_override_counter":[],"jnews_post_split":[],"footnotes":""},"categories":[84],"tags":[],"class_list":["post-26182","post","type-post","status-publish","format-standard","has-post-thumbnail","hentry","category-deportes"],"jetpack_featured_media_url":"https:\/\/laserenaradio.cl\/web\/wp-content\/uploads\/2026\/04\/mediapiaiextstaticimg_webpEvertonCobresalCobresalEvertonequipoLiga_source.webp","jetpack_sharing_enabled":true,"_links":{"self":[{"href":"https:\/\/laserenaradio.cl\/web\/wp-json\/wp\/v2\/posts\/26182","targetHints":{"allow":["GET"]}}],"collection":[{"href":"https:\/\/laserenaradio.cl\/web\/wp-json\/wp\/v2\/posts"}],"about":[{"href":"https:\/\/laserenaradio.cl\/web\/wp-json\/wp\/v2\/types\/post"}],"author":[{"embeddable":true,"href":"https:\/\/laserenaradio.cl\/web\/wp-json\/wp\/v2\/users\/2"}],"replies":[{"embeddable":true,"href":"https:\/\/laserenaradio.cl\/web\/wp-json\/wp\/v2\/comments?post=26182"}],"version-history":[{"count":1,"href":"https:\/\/laserenaradio.cl\/web\/wp-json\/wp\/v2\/posts\/26182\/revisions"}],"predecessor-version":[{"id":26183,"href":"https:\/\/laserenaradio.cl\/web\/wp-json\/wp\/v2\/posts\/26182\/revisions\/26183"}],"wp:featuredmedia":[{"embeddable":true,"href":"https:\/\/laserenaradio.cl\/web\/wp-json\/wp\/v2\/media\/26181"}],"wp:attachment":[{"href":"https:\/\/laserenaradio.cl\/web\/wp-json\/wp\/v2\/media?parent=26182"}],"wp:term":[{"taxonomy":"category","embeddable":true,"href":"https:\/\/laserenaradio.cl\/web\/wp-json\/wp\/v2\/categories?post=26182"},{"taxonomy":"post_tag","embeddable":true,"href":"https:\/\/laserenaradio.cl\/web\/wp-json\/wp\/v2\/tags?post=26182"}],"curies":[{"name":"wp","href":"https:\/\/api.w.org\/{rel}","templated":true}]}}