{"id":26179,"date":"2026-04-26T20:31:35","date_gmt":"2026-04-26T23:31:35","guid":{"rendered":"https:\/\/laserenaradio.cl\/web\/?p=26179"},"modified":"2026-04-26T20:31:35","modified_gmt":"2026-04-26T23:31:35","slug":"reducen-jornada-laboral-a-42-horas-semanales","status":"publish","type":"post","link":"https:\/\/laserenaradio.cl\/web\/2026\/04\/26\/reducen-jornada-laboral-a-42-horas-semanales\/","title":{"rendered":"Reducen jornada laboral a 42 horas semanales"},"content":{"rendered":"<p>La segunda etapa de la normativa 21.561 entr\u00f3 en vigor este domingo, reduciendo la jornada laboral semanal de 44 a 42 horas para los empleados bajo el C\u00f3digo del Trabajo. Jeannette Jara, exministra del Trabajo y aspirante a la presidencia, destac\u00f3 el cambio en su cuenta de X: \u201cHoy 26 de abril se ajustan a 42 horas semanales. Aunque sectores de la derecha se opongan a derechos laborales, no se puede retroceder en protecci\u00f3n\u201d.  <\/p>\n<p>Para contrarrestar posibles impactos, el Ejecutivo anunci\u00f3 un cr\u00e9dito tributario dentro del Plan de Reconstrucci\u00f3n Nacional. Esta acci\u00f3n busca equilibrar la norma con la viabilidad econ\u00f3mica de las organizaciones.  <\/p>\n<p>La medida busca consolidar avances sociales sin descuidar la estabilidad productiva.<\/p>\n<p><small><i><strong>Aviso de transparencia:<\/strong> Este art\u00edculo ha sido elaborado con la asistencia de Inteligencia Artificial para optimizar el procesamiento de informaci\u00f3n. Sin embargo, todo el contenido ha sido revisado, editado y validado por el equipo period\u00edstico de <strong><a href=\"https:\/\/laserenaradio.cl\/web\/\">LaSerenaRadio.cl<\/a><\/strong>, garantizando nuestra l\u00ednea editorial y veracidad informativa.<\/i><\/small><\/p>\n","protected":false},"excerpt":{"rendered":"<p>La segunda etapa de la normativa 21.561 entr\u00f3 en vigor este domingo, reduciendo la jornada laboral semanal de 44 a 42 horas para los empleados bajo el C\u00f3digo del Trabajo. Jeannette Jara, exministra del Trabajo y aspirante a la presidencia, destac\u00f3 el cambio en su cuenta de X: \u201cHoy 26 de abril se ajustan a [&hellip;]<\/p>\n","protected":false},"author":2,"featured_media":26178,"comment_status":"closed","ping_status":"open","sticky":false,"template":"","format":"standard","meta":{"_jetpack_memberships_contains_paid_content":false,"jnews-multi-image_gallery":[],"jnews_single_post":[],"jnews_primary_category":[],"jnews_social_meta":[],"jnews_paywall_metabox":[],"jnews_review":[],"enable_review":"","type":"","name":"","summary":"","brand":"","sku":"","good":[],"bad":[],"score_override":"","override_value":"","rating":[],"price":[],"jnews_override_counter":[],"jnews_post_split":[],"footnotes":""},"categories":[21],"tags":[],"class_list":["post-26179","post","type-post","status-publish","format-standard","has-post-thumbnail","hentry","category-nacional"],"jetpack_featured_media_url":"https:\/\/laserenaradio.cl\/web\/wp-content\/uploads\/2026\/04\/mediapiaiextstaticimg_webpReducenhoras_0.webp","jetpack_sharing_enabled":true,"_links":{"self":[{"href":"https:\/\/laserenaradio.cl\/web\/wp-json\/wp\/v2\/posts\/26179","targetHints":{"allow":["GET"]}}],"collection":[{"href":"https:\/\/laserenaradio.cl\/web\/wp-json\/wp\/v2\/posts"}],"about":[{"href":"https:\/\/laserenaradio.cl\/web\/wp-json\/wp\/v2\/types\/post"}],"author":[{"embeddable":true,"href":"https:\/\/laserenaradio.cl\/web\/wp-json\/wp\/v2\/users\/2"}],"replies":[{"embeddable":true,"href":"https:\/\/laserenaradio.cl\/web\/wp-json\/wp\/v2\/comments?post=26179"}],"version-history":[{"count":1,"href":"https:\/\/laserenaradio.cl\/web\/wp-json\/wp\/v2\/posts\/26179\/revisions"}],"predecessor-version":[{"id":26180,"href":"https:\/\/laserenaradio.cl\/web\/wp-json\/wp\/v2\/posts\/26179\/revisions\/26180"}],"wp:featuredmedia":[{"embeddable":true,"href":"https:\/\/laserenaradio.cl\/web\/wp-json\/wp\/v2\/media\/26178"}],"wp:attachment":[{"href":"https:\/\/laserenaradio.cl\/web\/wp-json\/wp\/v2\/media?parent=26179"}],"wp:term":[{"taxonomy":"category","embeddable":true,"href":"https:\/\/laserenaradio.cl\/web\/wp-json\/wp\/v2\/categories?post=26179"},{"taxonomy":"post_tag","embeddable":true,"href":"https:\/\/laserenaradio.cl\/web\/wp-json\/wp\/v2\/tags?post=26179"}],"curies":[{"name":"wp","href":"https:\/\/api.w.org\/{rel}","templated":true}]}}