{"id":26176,"date":"2026-04-26T20:29:28","date_gmt":"2026-04-26T23:29:28","guid":{"rendered":"https:\/\/laserenaradio.cl\/web\/?p=26176"},"modified":"2026-04-26T20:29:28","modified_gmt":"2026-04-26T23:29:28","slug":"partido-de-la-gente-sufre-baja-convocatoria-en-elecciones-internas","status":"publish","type":"post","link":"https:\/\/laserenaradio.cl\/web\/2026\/04\/26\/partido-de-la-gente-sufre-baja-convocatoria-en-elecciones-internas\/","title":{"rendered":"Partido de la Gente sufre baja convocatoria en elecciones internas"},"content":{"rendered":"<p>El Partido de la Gente ajusta su estructura interna tras las elecciones internas del pasado s\u00e1bado 25, donde se defini\u00f3 la renovaci\u00f3n de la directiva nacional. Aunque la participaci\u00f3n fue baja, el proceso se posiciona como el inicio de una reorganizaci\u00f3n estrat\u00e9gica para los pr\u00f3ximos a\u00f1os.  <\/p>\n<p>El actual presidente del PDG, Rodrigo Vattuone, felicit\u00f3 a Quisbert por su victoria y subray\u00f3 el reto de avanzar en el \u201cproyecto 2030\u201d, orientado a consolidar a Franco Parisi como candidato presidencial.  <\/p>\n<p>Desde el partido, Cristi\u00e1n Contreras destac\u00f3 que la nueva etapa prioriza la organizaci\u00f3n interna y la reconexi\u00f3n con las bases regionales, con un enfoque m\u00e1s descentralizado y transparente.  <\/p>\n<p>Frente a un escenario complejo, el nuevo equipo busca demostrar su capacidad para responder a las necesidades de Chile, con el Tribunal Supremo a\u00fan por ratificar los resultados. La apuesta actual apunta a recuperar influencia pol\u00edtica y fortalecer su proyecci\u00f3n electoral.<\/p>\n<p><small><i><strong>Aviso de transparencia:<\/strong> Este art\u00edculo ha sido elaborado con la asistencia de Inteligencia Artificial para optimizar el procesamiento de informaci\u00f3n. Sin embargo, todo el contenido ha sido revisado, editado y validado por el equipo period\u00edstico de <strong><a href=\"https:\/\/laserenaradio.cl\/web\/\">LaSerenaRadio.cl<\/a><\/strong>, garantizando nuestra l\u00ednea editorial y veracidad informativa.<\/i><\/small><\/p>\n","protected":false},"excerpt":{"rendered":"<p>El Partido de la Gente ajusta su estructura interna tras las elecciones internas del pasado s\u00e1bado 25, donde se defini\u00f3 la renovaci\u00f3n de la directiva nacional. Aunque la participaci\u00f3n fue baja, el proceso se posiciona como el inicio de una reorganizaci\u00f3n estrat\u00e9gica para los pr\u00f3ximos a\u00f1os. El actual presidente del PDG, Rodrigo Vattuone, felicit\u00f3 a [&hellip;]<\/p>\n","protected":false},"author":2,"featured_media":26175,"comment_status":"closed","ping_status":"open","sticky":false,"template":"","format":"standard","meta":{"_jetpack_memberships_contains_paid_content":false,"jnews-multi-image_gallery":[],"jnews_single_post":[],"jnews_primary_category":[],"jnews_social_meta":[],"jnews_paywall_metabox":[],"jnews_review":[],"enable_review":"","type":"","name":"","summary":"","brand":"","sku":"","good":[],"bad":[],"score_override":"","override_value":"","rating":[],"price":[],"jnews_override_counter":[],"jnews_post_split":[],"footnotes":""},"categories":[83],"tags":[],"class_list":["post-26176","post","type-post","status-publish","format-standard","has-post-thumbnail","hentry","category-politica"],"jetpack_featured_media_url":"https:\/\/laserenaradio.cl\/web\/wp-content\/uploads\/2026\/04\/mediapiaiextstaticimg_webpPartidoGente_0.webp","jetpack_sharing_enabled":true,"_links":{"self":[{"href":"https:\/\/laserenaradio.cl\/web\/wp-json\/wp\/v2\/posts\/26176","targetHints":{"allow":["GET"]}}],"collection":[{"href":"https:\/\/laserenaradio.cl\/web\/wp-json\/wp\/v2\/posts"}],"about":[{"href":"https:\/\/laserenaradio.cl\/web\/wp-json\/wp\/v2\/types\/post"}],"author":[{"embeddable":true,"href":"https:\/\/laserenaradio.cl\/web\/wp-json\/wp\/v2\/users\/2"}],"replies":[{"embeddable":true,"href":"https:\/\/laserenaradio.cl\/web\/wp-json\/wp\/v2\/comments?post=26176"}],"version-history":[{"count":1,"href":"https:\/\/laserenaradio.cl\/web\/wp-json\/wp\/v2\/posts\/26176\/revisions"}],"predecessor-version":[{"id":26177,"href":"https:\/\/laserenaradio.cl\/web\/wp-json\/wp\/v2\/posts\/26176\/revisions\/26177"}],"wp:featuredmedia":[{"embeddable":true,"href":"https:\/\/laserenaradio.cl\/web\/wp-json\/wp\/v2\/media\/26175"}],"wp:attachment":[{"href":"https:\/\/laserenaradio.cl\/web\/wp-json\/wp\/v2\/media?parent=26176"}],"wp:term":[{"taxonomy":"category","embeddable":true,"href":"https:\/\/laserenaradio.cl\/web\/wp-json\/wp\/v2\/categories?post=26176"},{"taxonomy":"post_tag","embeddable":true,"href":"https:\/\/laserenaradio.cl\/web\/wp-json\/wp\/v2\/tags?post=26176"}],"curies":[{"name":"wp","href":"https:\/\/api.w.org\/{rel}","templated":true}]}}