{"id":26173,"date":"2026-04-26T20:26:48","date_gmt":"2026-04-26T23:26:48","guid":{"rendered":"https:\/\/laserenaradio.cl\/web\/?p=26173"},"modified":"2026-04-26T20:26:48","modified_gmt":"2026-04-26T23:26:48","slug":"javier-correa-el-heroe-del-cacique-que-se-desahogo-a-traves-de-un-gol","status":"publish","type":"post","link":"https:\/\/laserenaradio.cl\/web\/2026\/04\/26\/javier-correa-el-heroe-del-cacique-que-se-desahogo-a-traves-de-un-gol\/","title":{"rendered":"Javier Correa, el h\u00e9roe del Cacique que se desahogo a trav\u00e9s de un gol"},"content":{"rendered":"<p>El jugador de Colo Colo, Javier Correa, expres\u00f3 su alivio tras un per\u00edodo de dificultades en el equipo. El delantero, originario de C\u00f3rdoba, destac\u00f3 su actuaci\u00f3n decisiva en el \u00faltimo partido, donde un cabezazo preciso le permiti\u00f3 a su equipo asegurar una victoria clave. Este gol, su primer tanto desde febrero, fue el punto de inflexi\u00f3n que impuls\u00f3 al equipo hacia la cima de la tabla de la Liga de Primera.  <\/p>\n<p>La narrativa previa a este evento incluy\u00f3 un incidente que gener\u00f3 controversia, donde su reacci\u00f3n ante un comentario sobre la afici\u00f3n local fue cuestionada. No obstante, el jugador asegur\u00f3 haber modificado su enfoque, enfoc\u00e1ndose ahora en fortalecer su posici\u00f3n dentro del club.  <\/p>\n<p>Las declaraciones p\u00fablicas, compartidas en redes sociales por cuentas oficiales de Colo Colo y TNT Sports, resaltaron su compromiso con el equipo. La combinaci\u00f3n de resultados deportivos y declaraciones personales marc\u00f3 un giro en su trayectoria reciente, consolidando su rol como un referente clave para la instituci\u00f3n.<\/p>\n<p><small><i><strong>Aviso de transparencia:<\/strong> Este art\u00edculo ha sido elaborado con la asistencia de Inteligencia Artificial para optimizar el procesamiento de informaci\u00f3n. Sin embargo, todo el contenido ha sido revisado, editado y validado por el equipo period\u00edstico de <strong><a href=\"https:\/\/laserenaradio.cl\/web\/\">LaSerenaRadio.cl<\/a><\/strong>, garantizando nuestra l\u00ednea editorial y veracidad informativa.<\/i><\/small><\/p>\n","protected":false},"excerpt":{"rendered":"<p>El jugador de Colo Colo, Javier Correa, expres\u00f3 su alivio tras un per\u00edodo de dificultades en el equipo. El delantero, originario de C\u00f3rdoba, destac\u00f3 su actuaci\u00f3n decisiva en el \u00faltimo partido, donde un cabezazo preciso le permiti\u00f3 a su equipo asegurar una victoria clave. Este gol, su primer tanto desde febrero, fue el punto de [&hellip;]<\/p>\n","protected":false},"author":2,"featured_media":26172,"comment_status":"closed","ping_status":"open","sticky":false,"template":"","format":"standard","meta":{"_jetpack_memberships_contains_paid_content":false,"jnews-multi-image_gallery":[],"jnews_single_post":[],"jnews_primary_category":[],"jnews_social_meta":[],"jnews_paywall_metabox":[],"jnews_review":[],"enable_review":"","type":"","name":"","summary":"","brand":"","sku":"","good":[],"bad":[],"score_override":"","override_value":"","rating":[],"price":[],"jnews_override_counter":[],"jnews_post_split":[],"footnotes":""},"categories":[84],"tags":[],"class_list":["post-26173","post","type-post","status-publish","format-standard","has-post-thumbnail","hentry","category-deportes"],"jetpack_featured_media_url":"https:\/\/laserenaradio.cl\/web\/wp-content\/uploads\/2026\/04\/mediapiaiextstaticimg_webpJavierCorreaCorreadelanteroJavierCorreagran_source.webp","jetpack_sharing_enabled":true,"_links":{"self":[{"href":"https:\/\/laserenaradio.cl\/web\/wp-json\/wp\/v2\/posts\/26173","targetHints":{"allow":["GET"]}}],"collection":[{"href":"https:\/\/laserenaradio.cl\/web\/wp-json\/wp\/v2\/posts"}],"about":[{"href":"https:\/\/laserenaradio.cl\/web\/wp-json\/wp\/v2\/types\/post"}],"author":[{"embeddable":true,"href":"https:\/\/laserenaradio.cl\/web\/wp-json\/wp\/v2\/users\/2"}],"replies":[{"embeddable":true,"href":"https:\/\/laserenaradio.cl\/web\/wp-json\/wp\/v2\/comments?post=26173"}],"version-history":[{"count":1,"href":"https:\/\/laserenaradio.cl\/web\/wp-json\/wp\/v2\/posts\/26173\/revisions"}],"predecessor-version":[{"id":26174,"href":"https:\/\/laserenaradio.cl\/web\/wp-json\/wp\/v2\/posts\/26173\/revisions\/26174"}],"wp:featuredmedia":[{"embeddable":true,"href":"https:\/\/laserenaradio.cl\/web\/wp-json\/wp\/v2\/media\/26172"}],"wp:attachment":[{"href":"https:\/\/laserenaradio.cl\/web\/wp-json\/wp\/v2\/media?parent=26173"}],"wp:term":[{"taxonomy":"category","embeddable":true,"href":"https:\/\/laserenaradio.cl\/web\/wp-json\/wp\/v2\/categories?post=26173"},{"taxonomy":"post_tag","embeddable":true,"href":"https:\/\/laserenaradio.cl\/web\/wp-json\/wp\/v2\/tags?post=26173"}],"curies":[{"name":"wp","href":"https:\/\/api.w.org\/{rel}","templated":true}]}}