{"id":26167,"date":"2026-04-26T11:17:47","date_gmt":"2026-04-26T14:17:47","guid":{"rendered":"https:\/\/laserenaradio.cl\/web\/?p=26167"},"modified":"2026-04-26T11:17:47","modified_gmt":"2026-04-26T14:17:47","slug":"jeannette-jara-critica-al-gobierno-de-jose-antonio-kast","status":"publish","type":"post","link":"https:\/\/laserenaradio.cl\/web\/2026\/04\/26\/jeannette-jara-critica-al-gobierno-de-jose-antonio-kast\/","title":{"rendered":"Jeannette Jara critica al Gobierno de Jos\u00e9 Antonio Kast."},"content":{"rendered":"<p>Jeannette Jara, exministra del Trabajo y candidata presidencial, particip\u00f3 este s\u00e1bado en un seminario del Partido por la Democracia, donde critic\u00f3 duramente al gobierno actual. \u201cEl enfoque debe ser el bienestar de la ciudadan\u00eda, no la defensa de intereses econ\u00f3micos ni la nostalgia por el r\u00e9gimen autoritario\u201d, afirm\u00f3.  <\/p>\n<p>Sobre el primer mes del mandato de Jos\u00e9 Antonio Kast, se\u00f1al\u00f3 que el escenario es complejo debido a promesas incumplidas. \u201cLas expectativas generadas no se tradujeron en acciones concretas, reemplazadas por gestos simb\u00f3licos, como la excavaci\u00f3n de zanjas para combatir la migraci\u00f3n y la delincuencia\u201d, explic\u00f3.  <\/p>\n<p>En cuanto al ministro de Hacienda, Jorge Quiroz, cuestion\u00f3 su gesti\u00f3n. \u201cNunca hab\u00eda visto a un ministro tan irresponsable al enviar oficios que luego invalid\u00f3, como el caso del programa PASE o la beca de alimentaci\u00f3n\u201d, dijo. \u201cLa PGU se calcula mensualmente y se proyecta con datos econ\u00f3micos s\u00f3lidos. Recomendar revisarla implica un riesgo para los chilenos: \u00bfreducir\u00e1n el beneficio o lo usan como excusa?\u201d, a\u00f1adi\u00f3.  <\/p>\n<p>Finalmente, abord\u00f3 la postura del Partido de la Gente frente a la \u201cLey Miscel\u00e1nea\u201d, recordando que su nombre debe traducirse en acciones, no en marketing. \u201cLa gente necesita soluciones a problemas cotidianos, como el alza del petr\u00f3leo y su impacto en precios y empresas esenciales\u201d, concluy\u00f3.<\/p>\n<p><small><i><strong>Aviso de transparencia:<\/strong> Este art\u00edculo ha sido elaborado con la asistencia de Inteligencia Artificial para optimizar el procesamiento de informaci\u00f3n. Sin embargo, todo el contenido ha sido revisado, editado y validado por el equipo period\u00edstico de <strong><a href=\"https:\/\/laserenaradio.cl\/web\/\">LaSerenaRadio.cl<\/a><\/strong>, garantizando nuestra l\u00ednea editorial y veracidad informativa.<\/i><\/small><\/p>\n","protected":false},"excerpt":{"rendered":"<p>Jeannette Jara, exministra del Trabajo y candidata presidencial, particip\u00f3 este s\u00e1bado en un seminario del Partido por la Democracia, donde critic\u00f3 duramente al gobierno actual. \u201cEl enfoque debe ser el bienestar de la ciudadan\u00eda, no la defensa de intereses econ\u00f3micos ni la nostalgia por el r\u00e9gimen autoritario\u201d, afirm\u00f3. Sobre el primer mes del mandato de [&hellip;]<\/p>\n","protected":false},"author":2,"featured_media":26166,"comment_status":"closed","ping_status":"open","sticky":false,"template":"","format":"standard","meta":{"_jetpack_memberships_contains_paid_content":false,"jnews-multi-image_gallery":[],"jnews_single_post":[],"jnews_primary_category":[],"jnews_social_meta":[],"jnews_paywall_metabox":[],"jnews_review":[],"enable_review":"","type":"","name":"","summary":"","brand":"","sku":"","good":[],"bad":[],"score_override":"","override_value":"","rating":[],"price":[],"jnews_override_counter":[],"jnews_post_split":[],"footnotes":""},"categories":[83],"tags":[],"class_list":["post-26167","post","type-post","status-publish","format-standard","has-post-thumbnail","hentry","category-politica"],"jetpack_featured_media_url":"https:\/\/laserenaradio.cl\/web\/wp-content\/uploads\/2026\/04\/mediapiaiextstaticimg_webpJeannetteJara_0.webp","jetpack_sharing_enabled":true,"_links":{"self":[{"href":"https:\/\/laserenaradio.cl\/web\/wp-json\/wp\/v2\/posts\/26167","targetHints":{"allow":["GET"]}}],"collection":[{"href":"https:\/\/laserenaradio.cl\/web\/wp-json\/wp\/v2\/posts"}],"about":[{"href":"https:\/\/laserenaradio.cl\/web\/wp-json\/wp\/v2\/types\/post"}],"author":[{"embeddable":true,"href":"https:\/\/laserenaradio.cl\/web\/wp-json\/wp\/v2\/users\/2"}],"replies":[{"embeddable":true,"href":"https:\/\/laserenaradio.cl\/web\/wp-json\/wp\/v2\/comments?post=26167"}],"version-history":[{"count":1,"href":"https:\/\/laserenaradio.cl\/web\/wp-json\/wp\/v2\/posts\/26167\/revisions"}],"predecessor-version":[{"id":26168,"href":"https:\/\/laserenaradio.cl\/web\/wp-json\/wp\/v2\/posts\/26167\/revisions\/26168"}],"wp:featuredmedia":[{"embeddable":true,"href":"https:\/\/laserenaradio.cl\/web\/wp-json\/wp\/v2\/media\/26166"}],"wp:attachment":[{"href":"https:\/\/laserenaradio.cl\/web\/wp-json\/wp\/v2\/media?parent=26167"}],"wp:term":[{"taxonomy":"category","embeddable":true,"href":"https:\/\/laserenaradio.cl\/web\/wp-json\/wp\/v2\/categories?post=26167"},{"taxonomy":"post_tag","embeddable":true,"href":"https:\/\/laserenaradio.cl\/web\/wp-json\/wp\/v2\/tags?post=26167"}],"curies":[{"name":"wp","href":"https:\/\/api.w.org\/{rel}","templated":true}]}}