{"id":26164,"date":"2026-04-26T11:08:24","date_gmt":"2026-04-26T14:08:24","guid":{"rendered":"https:\/\/laserenaradio.cl\/web\/?p=26164"},"modified":"2026-04-26T11:08:24","modified_gmt":"2026-04-26T14:08:24","slug":"kast-habla-sobre-reconstruccion-nacional-y-fake-news","status":"publish","type":"post","link":"https:\/\/laserenaradio.cl\/web\/2026\/04\/26\/kast-habla-sobre-reconstruccion-nacional-y-fake-news\/","title":{"rendered":"Kast habla sobre &#8220;Reconstrucci\u00f3n Nacional&#8221; y &#8220;fake news&#8221;"},"content":{"rendered":"<p>Durante su estancia en Concepci\u00f3n, el mandatario Jos\u00e9 Antonio Kast abord\u00f3 temas clave relacionados con el plan \u201cReconstrucci\u00f3n Nacional\u201d y desminti\u00f3 rumores sobre desacuerdos parlamentarios. Ante una pregunta de una residente sobre si legisladores, incluido el diputado y exalcalde \u00c1lvaro Ortiz, votaron en contra de la iniciativa, el presidente aclar\u00f3 que no se registr\u00f3 ning\u00fan voto en sentido contrario. Reiter\u00f3 que, pese a las cr\u00edticas en redes sociales por informaci\u00f3n distorsionada, el \u00fanico gesto concreto fue la presentaci\u00f3n formal del proyecto legislativo.  <\/p>\n<p>La visita incluy\u00f3 un encuentro ciudadano en el Colegio Creaci\u00f3n del sector Los Lirios, seguido de una reuni\u00f3n con autoridades regionales. El domingo, el presidente se trasladar\u00e1 a Los \u00c1lamos, Provincia de Arauco, para conmemorar a los agentes de Carabineros fallecidos en servicio. Finalmente, cerrar\u00e1 su agenda en Concepci\u00f3n con un almuerzo privado en el cuartel de Carabineros, coincidiendo con el 99 aniversario de la instituci\u00f3n.<\/p>\n<p><small><i><strong>Aviso de transparencia:<\/strong> Este art\u00edculo ha sido elaborado con la asistencia de Inteligencia Artificial para optimizar el procesamiento de informaci\u00f3n. Sin embargo, todo el contenido ha sido revisado, editado y validado por el equipo period\u00edstico de <strong><a href=\"https:\/\/laserenaradio.cl\/web\/\">LaSerenaRadio.cl<\/a><\/strong>, garantizando nuestra l\u00ednea editorial y veracidad informativa.<\/i><\/small><\/p>\n","protected":false},"excerpt":{"rendered":"<p>Durante su estancia en Concepci\u00f3n, el mandatario Jos\u00e9 Antonio Kast abord\u00f3 temas clave relacionados con el plan \u201cReconstrucci\u00f3n Nacional\u201d y desminti\u00f3 rumores sobre desacuerdos parlamentarios. Ante una pregunta de una residente sobre si legisladores, incluido el diputado y exalcalde \u00c1lvaro Ortiz, votaron en contra de la iniciativa, el presidente aclar\u00f3 que no se registr\u00f3 ning\u00fan [&hellip;]<\/p>\n","protected":false},"author":2,"featured_media":26163,"comment_status":"closed","ping_status":"open","sticky":false,"template":"","format":"standard","meta":{"_jetpack_memberships_contains_paid_content":false,"jnews-multi-image_gallery":[],"jnews_single_post":[],"jnews_primary_category":[],"jnews_social_meta":[],"jnews_paywall_metabox":[],"jnews_review":[],"enable_review":"","type":"","name":"","summary":"","brand":"","sku":"","good":[],"bad":[],"score_override":"","override_value":"","rating":[],"price":[],"jnews_override_counter":[],"jnews_post_split":[],"footnotes":""},"categories":[83],"tags":[],"class_list":["post-26164","post","type-post","status-publish","format-standard","has-post-thumbnail","hentry","category-politica"],"jetpack_featured_media_url":"https:\/\/laserenaradio.cl\/web\/wp-content\/uploads\/2026\/04\/mediapiaiextstaticimg_webpKastReconstruccion_0.webp","jetpack_sharing_enabled":true,"_links":{"self":[{"href":"https:\/\/laserenaradio.cl\/web\/wp-json\/wp\/v2\/posts\/26164","targetHints":{"allow":["GET"]}}],"collection":[{"href":"https:\/\/laserenaradio.cl\/web\/wp-json\/wp\/v2\/posts"}],"about":[{"href":"https:\/\/laserenaradio.cl\/web\/wp-json\/wp\/v2\/types\/post"}],"author":[{"embeddable":true,"href":"https:\/\/laserenaradio.cl\/web\/wp-json\/wp\/v2\/users\/2"}],"replies":[{"embeddable":true,"href":"https:\/\/laserenaradio.cl\/web\/wp-json\/wp\/v2\/comments?post=26164"}],"version-history":[{"count":1,"href":"https:\/\/laserenaradio.cl\/web\/wp-json\/wp\/v2\/posts\/26164\/revisions"}],"predecessor-version":[{"id":26165,"href":"https:\/\/laserenaradio.cl\/web\/wp-json\/wp\/v2\/posts\/26164\/revisions\/26165"}],"wp:featuredmedia":[{"embeddable":true,"href":"https:\/\/laserenaradio.cl\/web\/wp-json\/wp\/v2\/media\/26163"}],"wp:attachment":[{"href":"https:\/\/laserenaradio.cl\/web\/wp-json\/wp\/v2\/media?parent=26164"}],"wp:term":[{"taxonomy":"category","embeddable":true,"href":"https:\/\/laserenaradio.cl\/web\/wp-json\/wp\/v2\/categories?post=26164"},{"taxonomy":"post_tag","embeddable":true,"href":"https:\/\/laserenaradio.cl\/web\/wp-json\/wp\/v2\/tags?post=26164"}],"curies":[{"name":"wp","href":"https:\/\/api.w.org\/{rel}","templated":true}]}}