{"id":26161,"date":"2026-04-26T10:44:01","date_gmt":"2026-04-26T13:44:01","guid":{"rendered":"https:\/\/laserenaradio.cl\/web\/?p=26161"},"modified":"2026-04-26T10:44:01","modified_gmt":"2026-04-26T13:44:01","slug":"el-partido-socialista-celebro-su-aniversario-93-anos-con-reunion-de-comite-central","status":"publish","type":"post","link":"https:\/\/laserenaradio.cl\/web\/2026\/04\/26\/el-partido-socialista-celebro-su-aniversario-93-anos-con-reunion-de-comite-central\/","title":{"rendered":"El Partido Socialista celebr\u00f3 su aniversario 93 a\u00f1os con reuni\u00f3n de comit\u00e9 central"},"content":{"rendered":"<p>El comit\u00e9 central del Partido Socialista se reuni\u00f3 durante aproximadamente diez horas en el exCongreso Nacional para conmemorar los noventa y tres a\u00f1os de existencia del colectivo. Durante la sesi\u00f3n, se analizaron los desaf\u00edos derivados del primer mes de gesti\u00f3n de Jos\u00e9 Antonio Kast, enfoc\u00e1ndose en definir el papel de la oposici\u00f3n. Paulina Vodanovic, l\u00edder del partido, expres\u00f3 en su intervenci\u00f3n que el gobierno busca debilitar las instituciones bajo el discurso de eficiencia y asegur\u00f3 que el PS coordinar\u00e1 esfuerzos para oponerse a las pol\u00edticas que considera retrocesivas.  <\/p>\n<p>Posteriormente, se celebr\u00f3 el aniversario 93 del partido, con la participaci\u00f3n de figuras clave como exministros, ex candidatas presidenciales y el exmandatario Gabriel Boric. La jornada inici\u00f3 con la presentaci\u00f3n de las principales autoridades del PS, seguida de un saludo virtual de Michelle Bachelet, quien no pudo asistir personalmente. Se realiz\u00f3 un repaso de los hitos hist\u00f3ricos del colectivo.  <\/p>\n<p>La exministra Jeannette Jara critic\u00f3 p\u00fablicamente al ministro de Hacienda, Jorge Quiroz, por las propuestas de recortes al presupuesto educativo. Adem\u00e1s, durante el evento, Vodanovic se\u00f1al\u00f3 que la negativa del gobierno a respaldar la candidatura de Bachelet para secretar\u00eda de Naciones Unidas refleja una visi\u00f3n ideol\u00f3gica limitada en la gesti\u00f3n exterior del presidente Kast.<\/p>\n<p><small><i><strong>Aviso de transparencia:<\/strong> Este art\u00edculo ha sido elaborado con la asistencia de Inteligencia Artificial para optimizar el procesamiento de informaci\u00f3n. Sin embargo, todo el contenido ha sido revisado, editado y validado por el equipo period\u00edstico de <strong><a href=\"https:\/\/laserenaradio.cl\/web\/\">LaSerenaRadio.cl<\/a><\/strong>, garantizando nuestra l\u00ednea editorial y veracidad informativa.<\/i><\/small><\/p>\n","protected":false},"excerpt":{"rendered":"<p>El comit\u00e9 central del Partido Socialista se reuni\u00f3 durante aproximadamente diez horas en el exCongreso Nacional para conmemorar los noventa y tres a\u00f1os de existencia del colectivo. Durante la sesi\u00f3n, se analizaron los desaf\u00edos derivados del primer mes de gesti\u00f3n de Jos\u00e9 Antonio Kast, enfoc\u00e1ndose en definir el papel de la oposici\u00f3n. Paulina Vodanovic, l\u00edder [&hellip;]<\/p>\n","protected":false},"author":2,"featured_media":9077,"comment_status":"closed","ping_status":"open","sticky":false,"template":"","format":"standard","meta":{"_jetpack_memberships_contains_paid_content":false,"jnews-multi-image_gallery":[],"jnews_single_post":[],"jnews_primary_category":[],"jnews_social_meta":[],"jnews_paywall_metabox":[],"jnews_review":[],"enable_review":"","type":"","name":"","summary":"","brand":"","sku":"","good":[],"bad":[],"score_override":"","override_value":"","rating":[],"price":[],"jnews_override_counter":[],"jnews_post_split":[],"footnotes":""},"categories":[83],"tags":[],"class_list":["post-26161","post","type-post","status-publish","format-standard","has-post-thumbnail","hentry","category-politica"],"jetpack_featured_media_url":"https:\/\/laserenaradio.cl\/web\/wp-content\/uploads\/2024\/12\/laserenaradio_politica.webp","jetpack_sharing_enabled":true,"_links":{"self":[{"href":"https:\/\/laserenaradio.cl\/web\/wp-json\/wp\/v2\/posts\/26161","targetHints":{"allow":["GET"]}}],"collection":[{"href":"https:\/\/laserenaradio.cl\/web\/wp-json\/wp\/v2\/posts"}],"about":[{"href":"https:\/\/laserenaradio.cl\/web\/wp-json\/wp\/v2\/types\/post"}],"author":[{"embeddable":true,"href":"https:\/\/laserenaradio.cl\/web\/wp-json\/wp\/v2\/users\/2"}],"replies":[{"embeddable":true,"href":"https:\/\/laserenaradio.cl\/web\/wp-json\/wp\/v2\/comments?post=26161"}],"version-history":[{"count":1,"href":"https:\/\/laserenaradio.cl\/web\/wp-json\/wp\/v2\/posts\/26161\/revisions"}],"predecessor-version":[{"id":26162,"href":"https:\/\/laserenaradio.cl\/web\/wp-json\/wp\/v2\/posts\/26161\/revisions\/26162"}],"wp:featuredmedia":[{"embeddable":true,"href":"https:\/\/laserenaradio.cl\/web\/wp-json\/wp\/v2\/media\/9077"}],"wp:attachment":[{"href":"https:\/\/laserenaradio.cl\/web\/wp-json\/wp\/v2\/media?parent=26161"}],"wp:term":[{"taxonomy":"category","embeddable":true,"href":"https:\/\/laserenaradio.cl\/web\/wp-json\/wp\/v2\/categories?post=26161"},{"taxonomy":"post_tag","embeddable":true,"href":"https:\/\/laserenaradio.cl\/web\/wp-json\/wp\/v2\/tags?post=26161"}],"curies":[{"name":"wp","href":"https:\/\/api.w.org\/{rel}","templated":true}]}}