{"id":26159,"date":"2026-04-26T10:39:47","date_gmt":"2026-04-26T13:39:47","guid":{"rendered":"https:\/\/laserenaradio.cl\/web\/?p=26159"},"modified":"2026-04-26T10:39:47","modified_gmt":"2026-04-26T13:39:47","slug":"colo-colo-enfrenta-baja-significativa-debido-a-lesiones-de-dos-jugadores-clave","status":"publish","type":"post","link":"https:\/\/laserenaradio.cl\/web\/2026\/04\/26\/colo-colo-enfrenta-baja-significativa-debido-a-lesiones-de-dos-jugadores-clave\/","title":{"rendered":"Colo Colo enfrenta baja significativa debido a lesiones de dos jugadores clave"},"content":{"rendered":"<p>Los albos registraron una baja significativa en la primera jornada tras la lesi\u00f3n del arquero titular, quien requiere intervenci\u00f3n quir\u00fargica. Este incidente se produjo tras un remez\u00f3n que lo mantuvo fuera de juego durante un periodo prolongado. En el \u00faltimo partido contra Palestino, el guardameta sufri\u00f3 una avulsi\u00f3n proximal del isquiotibial derecho, lo que obliga a su ingreso al pabell\u00f3n.  <\/p>\n<p>El jugador Fernando de Paul fue confirmado por Colo Colo mediante sus redes sociales como el afectado. El club detall\u00f3 que la lesi\u00f3n implica la reconstrucci\u00f3n del LCA de la rodilla izquierda, con un tiempo estimado de 16 semanas de recuperaci\u00f3n. Adem\u00e1s, se mencion\u00f3 un tratamiento kin\u00e9sico por una contractura isquiotibial derecho.  <\/p>\n<p>Eduardo Villanueva y Gabriel Maureira competir\u00e1n por la titularidad en ausencia del arquero principal.<\/p>\n<p><small><i><strong>Aviso de transparencia:<\/strong> Este art\u00edculo ha sido elaborado con la asistencia de Inteligencia Artificial para optimizar el procesamiento de informaci\u00f3n. Sin embargo, todo el contenido ha sido revisado, editado y validado por el equipo period\u00edstico de <strong><a href=\"https:\/\/laserenaradio.cl\/web\/\">LaSerenaRadio.cl<\/a><\/strong>, garantizando nuestra l\u00ednea editorial y veracidad informativa.<\/i><\/small><\/p>\n","protected":false},"excerpt":{"rendered":"<p>Los albos registraron una baja significativa en la primera jornada tras la lesi\u00f3n del arquero titular, quien requiere intervenci\u00f3n quir\u00fargica. Este incidente se produjo tras un remez\u00f3n que lo mantuvo fuera de juego durante un periodo prolongado. En el \u00faltimo partido contra Palestino, el guardameta sufri\u00f3 una avulsi\u00f3n proximal del isquiotibial derecho, lo que obliga [&hellip;]<\/p>\n","protected":false},"author":2,"featured_media":26158,"comment_status":"closed","ping_status":"open","sticky":false,"template":"","format":"standard","meta":{"_jetpack_memberships_contains_paid_content":false,"jnews-multi-image_gallery":[],"jnews_single_post":[],"jnews_primary_category":[],"jnews_social_meta":[],"jnews_paywall_metabox":[],"jnews_review":[],"enable_review":"","type":"","name":"","summary":"","brand":"","sku":"","good":[],"bad":[],"score_override":"","override_value":"","rating":[],"price":[],"jnews_override_counter":[],"jnews_post_split":[],"footnotes":""},"categories":[84],"tags":[],"class_list":["post-26159","post","type-post","status-publish","format-standard","has-post-thumbnail","hentry","category-deportes"],"jetpack_featured_media_url":"https:\/\/laserenaradio.cl\/web\/wp-content\/uploads\/2026\/04\/mediapiaiextstaticimg_webpColoColobajasignificativaarqueroisquiotibial_source.webp","jetpack_sharing_enabled":true,"_links":{"self":[{"href":"https:\/\/laserenaradio.cl\/web\/wp-json\/wp\/v2\/posts\/26159","targetHints":{"allow":["GET"]}}],"collection":[{"href":"https:\/\/laserenaradio.cl\/web\/wp-json\/wp\/v2\/posts"}],"about":[{"href":"https:\/\/laserenaradio.cl\/web\/wp-json\/wp\/v2\/types\/post"}],"author":[{"embeddable":true,"href":"https:\/\/laserenaradio.cl\/web\/wp-json\/wp\/v2\/users\/2"}],"replies":[{"embeddable":true,"href":"https:\/\/laserenaradio.cl\/web\/wp-json\/wp\/v2\/comments?post=26159"}],"version-history":[{"count":1,"href":"https:\/\/laserenaradio.cl\/web\/wp-json\/wp\/v2\/posts\/26159\/revisions"}],"predecessor-version":[{"id":26160,"href":"https:\/\/laserenaradio.cl\/web\/wp-json\/wp\/v2\/posts\/26159\/revisions\/26160"}],"wp:featuredmedia":[{"embeddable":true,"href":"https:\/\/laserenaradio.cl\/web\/wp-json\/wp\/v2\/media\/26158"}],"wp:attachment":[{"href":"https:\/\/laserenaradio.cl\/web\/wp-json\/wp\/v2\/media?parent=26159"}],"wp:term":[{"taxonomy":"category","embeddable":true,"href":"https:\/\/laserenaradio.cl\/web\/wp-json\/wp\/v2\/categories?post=26159"},{"taxonomy":"post_tag","embeddable":true,"href":"https:\/\/laserenaradio.cl\/web\/wp-json\/wp\/v2\/tags?post=26159"}],"curies":[{"name":"wp","href":"https:\/\/api.w.org\/{rel}","templated":true}]}}