{"id":25939,"date":"2026-04-15T22:57:19","date_gmt":"2026-04-16T01:57:19","guid":{"rendered":"https:\/\/laserenaradio.cl\/web\/?p=25939"},"modified":"2026-04-15T22:57:19","modified_gmt":"2026-04-16T01:57:19","slug":"gendarmeria-operara-con-nuevos-carros-en-la-region-de-antofagasta","status":"publish","type":"post","link":"https:\/\/laserenaradio.cl\/web\/2026\/04\/15\/gendarmeria-operara-con-nuevos-carros-en-la-region-de-antofagasta\/","title":{"rendered":"Gendarmer\u00eda operar\u00e1 con nuevos carros en la regi\u00f3n de Antofagasta"},"content":{"rendered":"<p>Antofagasta, 15 de abril 2026.- Con una inversi\u00f3n superior a los 1.134 millones de pesos se concret\u00f3 la entrega de 8 nuevos veh\u00edculos operativos (de un total de 9) para Gendarmer\u00eda de Chile en Antofagasta, donde la instituci\u00f3n, durante el \u00faltimo a\u00f1o, realiz\u00f3 m\u00e1s de 18 mil movimientos de traslado, tanto a tribunales, hospitales y recintos penitenciarios dentro y fuera de la regi\u00f3n.<\/p>\n<p>La ceremonia de entrega de los nuevos m\u00f3viles cont\u00f3 con la presencia del Gobernador Regional de Antofagasta, Ricardo D\u00edaz Cort\u00e9s, el director nacional de Gendarmer\u00eda de Chile, Rub\u00e9n P\u00e9rez Riquelme, y autoridades locales. Durante la instancia, se destac\u00f3 la relevancia de esta nueva flota vehicular y el apoyo del Gobierno Regional de Antofagasta, que entreg\u00f3 los recursos para fortalecer la seguridad p\u00fablica y la operatividad de la instituci\u00f3n.<\/p>\n<p>La m\u00e1xima autoridad penitenciaria, destac\u00f3 la concreci\u00f3n de la iniciativa se\u00f1alando que \u201cnosotros viajamos desde Santiago fundamentalmente para tener contacto con nuestros funcionarios en terreno y agradecer al Gobierno Regional de Antofagasta este gesto, que va m\u00e1s all\u00e1 de la declaraci\u00f3n de buenas intenciones, que se traduce en el mejoramiento del est\u00e1ndar de seguridad que requerimos de acuerdo con los actuales y futuros desaf\u00edos que enfrenta Gendarmer\u00eda de Chile\u201d.<\/p>\n<p>Mientras que para el Gobernador Regional, Ricardo D\u00edaz Cort\u00e9s, este proyecto es una destacada contribuci\u00f3n a la seguridad regional. \u201cEl Gobierno Regional ha invertido m\u00e1s de 50 mil millones de pesos en distintas \u00e1reas de seguridad y efectivamente el apoyo a Gendarmer\u00eda, para que tengan mejores condiciones de trabajo, para que se garantice el traslado de los reos en la ciudad, hacia tribunales o hacia distintos recintos penitenciarios, era una deuda que ten\u00edamos pendiente. Hoy d\u00eda con esta entrega estamos cubriendo casi el 80% de los veh\u00edculos de gendarmer\u00eda, nos falta todav\u00eda un 20%, y nos falta a\u00fan mejorar las condiciones de habitabilidad de nuestros gendarmes, ah\u00ed tenemos una tarea pendiente, pero existe el compromiso, existe nuestra intenci\u00f3n de seguir aportando a la seguridad de nuestra regi\u00f3n.\u201d<\/p>\n<p>Por su parte la delegada presidencial regional de Antofagasta, Katherine L\u00f3pez, destac\u00f3 estos proyectos agregando que \u201cel avance en tecnolog\u00eda, en mayor movilidad de mejor calidad es fundamental. Por eso un agradecimiento directamente al Gobierno Regional en la entrega de estos recursos\u201d.<\/p>\n<p>Por \u00faltimo, la consejera regional y presidenta de la comisi\u00f3n de Seguridad del CORE, Paula Orellana, coment\u00f3 que \u201cesperamos que pr\u00f3ximamente sigan present\u00e1ndonos proyectos en tem\u00e1ticas habitabilidad y en nuevas tecnolog\u00edas, porque podr\u00edan ayudarnos a contribuir mucho a mejorar el trabajo de gendarmer\u00eda, la seguridad de los funcionarios, y tambi\u00e9n de los internos, as\u00ed que, totalmente disponibles los consejeros y consejeras regionales\u201d.<\/p>\n<p>Con la modernizaci\u00f3n de la flota vehicular se cumple el objetivo de mejorar las condiciones de seguridad en los traslados, tanto para los internos, como para los funcionarios y ello se traduce en brindar m\u00e1s seguridad para la comunidad en los trayectos que deben realizar muchas veces con condenados de alta peligrosidad o integrantes del crimen organizado.<\/p>\n<p>Cabe mencionar que, el director nacional de Gendarmer\u00eda realiz\u00f3 una visita inspectiva en el Complejo Penitenciario de Antofagasta y el Centro de Detenci\u00f3n Preventiva de Taltal, donde abord\u00f3 tem\u00e1ticas sociales con los funcionarios y revis\u00f3 el avance de las obras de lo que ser\u00e1 el nuevo Centro Penitenciario Femenino de Antofagasta.<\/p>\n","protected":false},"excerpt":{"rendered":"<p>Antofagasta, 15 de abril 2026.- Con una inversi\u00f3n superior a los 1.134 millones de pesos se concret\u00f3 la entrega de 8 nuevos veh\u00edculos operativos (de un total de 9) para Gendarmer\u00eda de Chile en Antofagasta, donde la instituci\u00f3n, durante el \u00faltimo a\u00f1o, realiz\u00f3 m\u00e1s de 18 mil movimientos de traslado, tanto a tribunales, hospitales y [&hellip;]<\/p>\n","protected":false},"author":2,"featured_media":25938,"comment_status":"closed","ping_status":"open","sticky":false,"template":"","format":"standard","meta":{"_jetpack_memberships_contains_paid_content":false,"jnews-multi-image_gallery":[],"jnews_single_post":[],"jnews_primary_category":[],"jnews_social_meta":[],"jnews_paywall_metabox":[],"jnews_review":[],"enable_review":"","type":"","name":"","summary":"","brand":"","sku":"","good":[],"bad":[],"score_override":"","override_value":"","rating":[],"price":[],"jnews_override_counter":[],"jnews_post_split":[],"footnotes":""},"categories":[21],"tags":[],"class_list":["post-25939","post","type-post","status-publish","format-standard","has-post-thumbnail","hentry","category-nacional"],"jetpack_featured_media_url":"https:\/\/laserenaradio.cl\/web\/wp-content\/uploads\/2026\/04\/mediapiaiextstaticimg_webpGendarmeriaAntofagastaAntofagastaseguridadentregafuncionarios_source.webp","jetpack_sharing_enabled":true,"_links":{"self":[{"href":"https:\/\/laserenaradio.cl\/web\/wp-json\/wp\/v2\/posts\/25939","targetHints":{"allow":["GET"]}}],"collection":[{"href":"https:\/\/laserenaradio.cl\/web\/wp-json\/wp\/v2\/posts"}],"about":[{"href":"https:\/\/laserenaradio.cl\/web\/wp-json\/wp\/v2\/types\/post"}],"author":[{"embeddable":true,"href":"https:\/\/laserenaradio.cl\/web\/wp-json\/wp\/v2\/users\/2"}],"replies":[{"embeddable":true,"href":"https:\/\/laserenaradio.cl\/web\/wp-json\/wp\/v2\/comments?post=25939"}],"version-history":[{"count":1,"href":"https:\/\/laserenaradio.cl\/web\/wp-json\/wp\/v2\/posts\/25939\/revisions"}],"predecessor-version":[{"id":25940,"href":"https:\/\/laserenaradio.cl\/web\/wp-json\/wp\/v2\/posts\/25939\/revisions\/25940"}],"wp:featuredmedia":[{"embeddable":true,"href":"https:\/\/laserenaradio.cl\/web\/wp-json\/wp\/v2\/media\/25938"}],"wp:attachment":[{"href":"https:\/\/laserenaradio.cl\/web\/wp-json\/wp\/v2\/media?parent=25939"}],"wp:term":[{"taxonomy":"category","embeddable":true,"href":"https:\/\/laserenaradio.cl\/web\/wp-json\/wp\/v2\/categories?post=25939"},{"taxonomy":"post_tag","embeddable":true,"href":"https:\/\/laserenaradio.cl\/web\/wp-json\/wp\/v2\/tags?post=25939"}],"curies":[{"name":"wp","href":"https:\/\/api.w.org\/{rel}","templated":true}]}}