{"id":25880,"date":"2026-04-13T20:42:19","date_gmt":"2026-04-13T23:42:19","guid":{"rendered":"https:\/\/laserenaradio.cl\/web\/?p=25880"},"modified":"2026-04-13T20:42:19","modified_gmt":"2026-04-13T23:42:19","slug":"arica-logran-penas-de-presidio-efectivo-contra-18-miembros-de-una-agrupacion-criminal-de-trafico-de-ketamina","status":"publish","type":"post","link":"https:\/\/laserenaradio.cl\/web\/2026\/04\/13\/arica-logran-penas-de-presidio-efectivo-contra-18-miembros-de-una-agrupacion-criminal-de-trafico-de-ketamina\/","title":{"rendered":"Arica: Logran penas de presidio efectivo contra 18 miembros de una agrupaci\u00f3n criminal de tr\u00e1fico de ketamina"},"content":{"rendered":"<p>En el marco de un nuevo y potente golpe contra el crimen organizado transnacional, la Fiscal\u00eda de Arica obtuvo distintas penas que suman 118 a\u00f1os y 256 d\u00edas de presidio efectivo contra los 18 miembros de una agrupaci\u00f3n criminal extranjera dedicada al tr\u00e1fico de ketamina a Chile, la que rend\u00eda culto a la Santa Muerte.<\/p>\n<p>Este corresponde al cuarto juicio oral, en menos de dos a\u00f1os, en que la Fiscal\u00eda de Arica ha enfrentado y ha logrado condenar a una agrupaci\u00f3n extranjera de delincuencia organizada, tras haber condenado, anteriormente, a las agrupaciones Los Gallegos del Tren de Aragua, el Tren del Coro, y Los Coste\u00f1os, respectivamente.<\/p>\n<p>La investigaci\u00f3n de la Unidad de Inteligencia y Crimen Organizado de la Fiscal\u00eda de Arica, en conjunto con la Brigada Antinarc\u00f3ticos de la PDI Arica, estableci\u00f3 que esta red comenz\u00f3 a operar desde mediados del a\u00f1o 2024, ingresando, en distintas fechas, droga ketamina desde Per\u00fa a Chile, bajo la modalidad de personas fajadas y tambi\u00e9n en veh\u00edculos acondicionados. Asimismo, se determin\u00f3 que algunos de sus miembros mantienen v\u00ednculos con la agrupaci\u00f3n criminal Los Lobos de Ecuador.<\/p>\n<p>La indagatoria determin\u00f3, adem\u00e1s, que dicha organizaci\u00f3n le rend\u00eda culto a la Santa Muerte, una deidad femenina asociada con el mundo criminal, efectuando rituales para pedir su protecci\u00f3n y para asegurar el \u00e9xito en sus operaciones de internaci\u00f3n de droga a nuestro pa\u00eds.<\/p>\n<p>En este contexto, el \u00fanico hombre de la agrupaci\u00f3n llevado a juicio ejerc\u00eda el rol de l\u00edder de esta misma,\u00a0 quien coordinaba las operaciones il\u00edcitas y manten\u00eda distintas identidades extranjeras, siendo conocido como \u201cObispo\u201d. Las otras miembros corresponden a 13 acusadas de nacionalidad ecuatoriana, dos venezolanas, una peruana y una chilena, respectivamente. Fueron condenados por delitos de tr\u00e1fico de drogas y de asociaci\u00f3n il\u00edcita.<\/p>\n<p>Ingreso de drogas<\/p>\n<p>De acuerdo con el trabajo investigativo, dicha agrupaci\u00f3n comenz\u00f3 a operar desde mediados del a\u00f1o 2024, ejecutando diversos ingresos de drogas desde Per\u00fa a Chile utilizando mujeres fajadas, entre otras modalidades.<\/p>\n<p>As\u00ed, algunas de las acusadas fueron detenidas en el complejo fronterizo Chacalluta, mientras que otras fueron detenidas en el control carretero de Cuya, a bordo de buses que ten\u00edan como destino la Regi\u00f3n Metropolitana. La incautaci\u00f3n m\u00e1s importante se registr\u00f3 en diciembre del a\u00f1o pasado cuando la PDI ingres\u00f3 a una vivienda de calle Carlos Orella, encontrando 18 kilos de ketamina, ocasi\u00f3n en que se detuvo al cabecilla.<\/p>\n<p>El l\u00edder de la organizaci\u00f3n fue condenado a una pena de 20 a\u00f1os de presidio, mientras que otras once acusadas recibieron sentencias de 6 a\u00f1os de presidio, cada una. En tanto, otras dos mujeres fueron condenadas a penas de 8 a\u00f1os. El resto de las sentencias fluct\u00faan entre los 3 a\u00f1os y un d\u00eda y los 5 a\u00f1os y un d\u00eda, respectivamente.<\/p>\n","protected":false},"excerpt":{"rendered":"<p>En el marco de un nuevo y potente golpe contra el crimen organizado transnacional, la Fiscal\u00eda de Arica obtuvo distintas penas que suman 118 a\u00f1os y 256 d\u00edas de presidio efectivo contra los 18 miembros de una agrupaci\u00f3n criminal extranjera dedicada al tr\u00e1fico de ketamina a Chile, la que rend\u00eda culto a la Santa Muerte. [&hellip;]<\/p>\n","protected":false},"author":2,"featured_media":25879,"comment_status":"closed","ping_status":"open","sticky":false,"template":"","format":"standard","meta":{"_jetpack_memberships_contains_paid_content":false,"jnews-multi-image_gallery":[],"jnews_single_post":[],"jnews_primary_category":[],"jnews_social_meta":[],"jnews_paywall_metabox":[],"jnews_review":[],"enable_review":"","type":"","name":"","summary":"","brand":"","sku":"","good":[],"bad":[],"score_override":"","override_value":"","rating":[],"price":[],"jnews_override_counter":[],"jnews_post_split":[],"footnotes":""},"categories":[21],"tags":[],"class_list":["post-25880","post","type-post","status-publish","format-standard","has-post-thumbnail","hentry","category-nacional"],"jetpack_featured_media_url":"https:\/\/laserenaradio.cl\/web\/wp-content\/uploads\/2026\/04\/mediapiaiextstaticimg_webpFiscaliaAricaAricaotraspresidiomiembros_source.webp","jetpack_sharing_enabled":true,"_links":{"self":[{"href":"https:\/\/laserenaradio.cl\/web\/wp-json\/wp\/v2\/posts\/25880","targetHints":{"allow":["GET"]}}],"collection":[{"href":"https:\/\/laserenaradio.cl\/web\/wp-json\/wp\/v2\/posts"}],"about":[{"href":"https:\/\/laserenaradio.cl\/web\/wp-json\/wp\/v2\/types\/post"}],"author":[{"embeddable":true,"href":"https:\/\/laserenaradio.cl\/web\/wp-json\/wp\/v2\/users\/2"}],"replies":[{"embeddable":true,"href":"https:\/\/laserenaradio.cl\/web\/wp-json\/wp\/v2\/comments?post=25880"}],"version-history":[{"count":1,"href":"https:\/\/laserenaradio.cl\/web\/wp-json\/wp\/v2\/posts\/25880\/revisions"}],"predecessor-version":[{"id":25881,"href":"https:\/\/laserenaradio.cl\/web\/wp-json\/wp\/v2\/posts\/25880\/revisions\/25881"}],"wp:featuredmedia":[{"embeddable":true,"href":"https:\/\/laserenaradio.cl\/web\/wp-json\/wp\/v2\/media\/25879"}],"wp:attachment":[{"href":"https:\/\/laserenaradio.cl\/web\/wp-json\/wp\/v2\/media?parent=25880"}],"wp:term":[{"taxonomy":"category","embeddable":true,"href":"https:\/\/laserenaradio.cl\/web\/wp-json\/wp\/v2\/categories?post=25880"},{"taxonomy":"post_tag","embeddable":true,"href":"https:\/\/laserenaradio.cl\/web\/wp-json\/wp\/v2\/tags?post=25880"}],"curies":[{"name":"wp","href":"https:\/\/api.w.org\/{rel}","templated":true}]}}