{"id":25585,"date":"2026-04-04T00:32:15","date_gmt":"2026-04-04T03:32:15","guid":{"rendered":"https:\/\/laserenaradio.cl\/web\/?p=25585"},"modified":"2026-04-04T00:32:15","modified_gmt":"2026-04-04T03:32:15","slug":"coquimbo-unido-vence-a-cobresal-en-una-guerra-de-goles","status":"publish","type":"post","link":"https:\/\/laserenaradio.cl\/web\/2026\/04\/04\/coquimbo-unido-vence-a-cobresal-en-una-guerra-de-goles\/","title":{"rendered":"Coquimbo Unido vence a Cobresal en una &#8220;guerra de goles&#8221;"},"content":{"rendered":"<p>Coquimbo Unido escal\u00f3 a la zona alta de la tabla de la Liga de Primera tras una victoria ajustada por 3-2 sobre Cobresal en el estadio Francisco S\u00e1nchez Rumoroso.  <\/p>\n<p>En la segunda mitad, el equipo local demostr\u00f3 su determinaci\u00f3n. Juli\u00e1n Brea igual\u00f3 el marcador a los 57 minutos tras vencer en un duelo individual a Diego S\u00e1nchez. La presi\u00f3n no ces\u00f3, y Nicol\u00e1s Johansen aprovech\u00f3 un error para anotar el 2-1 a los 61 minutos.  <\/p>\n<p>La tensi\u00f3n creci\u00f3 en los minutos finales, pero los locales lograron preservar la ventaja y asegurar su cuarta victoria de la temporada. Este triunfo impuls\u00f3 a Coquimbo Unido al quinto puesto con 12 puntos, mientras Cobresal se mantiene en la zona baja con 7 unidades, solo por delante de Deportes Concepci\u00f3n, que cierra la tabla con 4.<\/p>\n<p><small><i><strong>Aviso de transparencia:<\/strong> Este art\u00edculo ha sido elaborado con la asistencia de Inteligencia Artificial para optimizar el procesamiento de informaci\u00f3n. Sin embargo, todo el contenido ha sido revisado, editado y validado por el equipo period\u00edstico de <strong><a href=\"https:\/\/laserenaradio.cl\/web\/\">LaSerenaRadio.cl<\/a><\/strong>, garantizando nuestra l\u00ednea editorial y veracidad informativa.<\/i><\/small><\/p>\n","protected":false},"excerpt":{"rendered":"<p>Coquimbo Unido escal\u00f3 a la zona alta de la tabla de la Liga de Primera tras una victoria ajustada por 3-2 sobre Cobresal en el estadio Francisco S\u00e1nchez Rumoroso. En la segunda mitad, el equipo local demostr\u00f3 su determinaci\u00f3n. Juli\u00e1n Brea igual\u00f3 el marcador a los 57 minutos tras vencer en un duelo individual a [&hellip;]<\/p>\n","protected":false},"author":2,"featured_media":25584,"comment_status":"closed","ping_status":"open","sticky":false,"template":"","format":"standard","meta":{"_jetpack_memberships_contains_paid_content":false,"jnews-multi-image_gallery":[],"jnews_single_post":[],"jnews_primary_category":[],"jnews_social_meta":[],"jnews_paywall_metabox":[],"jnews_review":[],"enable_review":"","type":"","name":"","summary":"","brand":"","sku":"","good":[],"bad":[],"score_override":"","override_value":"","rating":[],"price":[],"jnews_override_counter":[],"jnews_post_split":[],"footnotes":""},"categories":[84],"tags":[],"class_list":["post-25585","post","type-post","status-publish","format-standard","has-post-thumbnail","hentry","category-deportes"],"jetpack_featured_media_url":"https:\/\/laserenaradio.cl\/web\/wp-content\/uploads\/2026\/04\/mediapiaiextstaticimg_webpCoquimboUnidoCobresalminutoszona_1.webp","jetpack_sharing_enabled":true,"_links":{"self":[{"href":"https:\/\/laserenaradio.cl\/web\/wp-json\/wp\/v2\/posts\/25585","targetHints":{"allow":["GET"]}}],"collection":[{"href":"https:\/\/laserenaradio.cl\/web\/wp-json\/wp\/v2\/posts"}],"about":[{"href":"https:\/\/laserenaradio.cl\/web\/wp-json\/wp\/v2\/types\/post"}],"author":[{"embeddable":true,"href":"https:\/\/laserenaradio.cl\/web\/wp-json\/wp\/v2\/users\/2"}],"replies":[{"embeddable":true,"href":"https:\/\/laserenaradio.cl\/web\/wp-json\/wp\/v2\/comments?post=25585"}],"version-history":[{"count":1,"href":"https:\/\/laserenaradio.cl\/web\/wp-json\/wp\/v2\/posts\/25585\/revisions"}],"predecessor-version":[{"id":25586,"href":"https:\/\/laserenaradio.cl\/web\/wp-json\/wp\/v2\/posts\/25585\/revisions\/25586"}],"wp:featuredmedia":[{"embeddable":true,"href":"https:\/\/laserenaradio.cl\/web\/wp-json\/wp\/v2\/media\/25584"}],"wp:attachment":[{"href":"https:\/\/laserenaradio.cl\/web\/wp-json\/wp\/v2\/media?parent=25585"}],"wp:term":[{"taxonomy":"category","embeddable":true,"href":"https:\/\/laserenaradio.cl\/web\/wp-json\/wp\/v2\/categories?post=25585"},{"taxonomy":"post_tag","embeddable":true,"href":"https:\/\/laserenaradio.cl\/web\/wp-json\/wp\/v2\/tags?post=25585"}],"curies":[{"name":"wp","href":"https:\/\/api.w.org\/{rel}","templated":true}]}}