{"id":25561,"date":"2026-04-02T20:42:43","date_gmt":"2026-04-02T23:42:43","guid":{"rendered":"https:\/\/laserenaradio.cl\/web\/?p=25561"},"modified":"2026-04-02T20:42:43","modified_gmt":"2026-04-02T23:42:43","slug":"gobierno-podria-anunciar-reforma-tributaria-este-abril","status":"publish","type":"post","link":"https:\/\/laserenaradio.cl\/web\/2026\/04\/02\/gobierno-podria-anunciar-reforma-tributaria-este-abril\/","title":{"rendered":"Gobierno podr\u00eda anunciar reforma tributaria este abril"},"content":{"rendered":"<p>Durante el mes de abril, el Ejecutivo tiene previsto presentar una reforma tributaria que, si se aprueba, representar\u00eda la novena modificaci\u00f3n en quince a\u00f1os, tras el fracaso del ex ministro de Hacienda Mario Marcel. <\/p>\n<p>La iniciativa del actual titular de la cartera, Jorge Quiroz, incluye una reducci\u00f3n progresiva del impuesto aplicable a las grandes empresas, pasando del 27% actual al 23%. Adem\u00e1s, se propone un subsidio para la contrataci\u00f3n de trabajadores en riesgo de caer en la informalidad. Aunque este tipo de medida podr\u00eda incrementar las utilidades empresariales y, a largo plazo, generar empleo y dinamismo econ\u00f3mico, sus efectos depender\u00e1n de las condiciones macroecon\u00f3micas vigentes.  <\/p>\n<p>Claudia Vald\u00e9s Mu\u00f1oz, directora de BBSC, respald\u00f3 la iniciativa al considerarla positiva y estrat\u00e9gica para impulsar la econom\u00eda. Record\u00f3 la experiencia de la reforma de 2014 y se\u00f1al\u00f3 que, con un sistema m\u00e1s eficiente y una mejor reinversi\u00f3n de los recursos, el panorama actual podr\u00eda ser diferente. Por su parte, Gonzalo Lucero, abogado de SL Abogados, explic\u00f3 que la propuesta integrar\u00eda el impuesto corporativo con el del propietario, reduciendo la carga total para estos \u00faltimos al permitir descuentos directos en el c\u00e1lculo final.  <\/p>\n<p>A pesar de las limitaciones presupuestarias, con una caja fiscal de US$46 millones a diciembre de 2025, el gobierno prioriza la claridad y precisi\u00f3n en los ajustes fiscales. La publicaci\u00f3n de la reforma est\u00e1 programada para este mes, tras superar las incertidumbres derivadas de la situaci\u00f3n internacional.<\/p>\n<p><small><i><strong>Aviso de transparencia:<\/strong> Este art\u00edculo ha sido elaborado con la asistencia de Inteligencia Artificial para optimizar el procesamiento de informaci\u00f3n. Sin embargo, todo el contenido ha sido revisado, editado y validado por el equipo period\u00edstico de <strong><a href=\"https:\/\/laserenaradio.cl\/web\/\">LaSerenaRadio.cl<\/a><\/strong>, garantizando nuestra l\u00ednea editorial y veracidad informativa.<\/i><\/small><\/p>\n","protected":false},"excerpt":{"rendered":"<p>Durante el mes de abril, el Ejecutivo tiene previsto presentar una reforma tributaria que, si se aprueba, representar\u00eda la novena modificaci\u00f3n en quince a\u00f1os, tras el fracaso del ex ministro de Hacienda Mario Marcel. La iniciativa del actual titular de la cartera, Jorge Quiroz, incluye una reducci\u00f3n progresiva del impuesto aplicable a las grandes empresas, [&hellip;]<\/p>\n","protected":false},"author":2,"featured_media":9076,"comment_status":"closed","ping_status":"open","sticky":false,"template":"","format":"standard","meta":{"_jetpack_memberships_contains_paid_content":false,"jnews-multi-image_gallery":[],"jnews_single_post":[],"jnews_primary_category":[],"jnews_social_meta":[],"jnews_paywall_metabox":[],"jnews_review":[],"enable_review":"","type":"","name":"","summary":"","brand":"","sku":"","good":[],"bad":[],"score_override":"","override_value":"","rating":[],"price":[],"jnews_override_counter":[],"jnews_post_split":[],"footnotes":""},"categories":[85],"tags":[],"class_list":["post-25561","post","type-post","status-publish","format-standard","has-post-thumbnail","hentry","category-economia"],"jetpack_featured_media_url":"https:\/\/laserenaradio.cl\/web\/wp-content\/uploads\/2024\/12\/laserenaradio_nacional.webp","jetpack_sharing_enabled":true,"_links":{"self":[{"href":"https:\/\/laserenaradio.cl\/web\/wp-json\/wp\/v2\/posts\/25561","targetHints":{"allow":["GET"]}}],"collection":[{"href":"https:\/\/laserenaradio.cl\/web\/wp-json\/wp\/v2\/posts"}],"about":[{"href":"https:\/\/laserenaradio.cl\/web\/wp-json\/wp\/v2\/types\/post"}],"author":[{"embeddable":true,"href":"https:\/\/laserenaradio.cl\/web\/wp-json\/wp\/v2\/users\/2"}],"replies":[{"embeddable":true,"href":"https:\/\/laserenaradio.cl\/web\/wp-json\/wp\/v2\/comments?post=25561"}],"version-history":[{"count":1,"href":"https:\/\/laserenaradio.cl\/web\/wp-json\/wp\/v2\/posts\/25561\/revisions"}],"predecessor-version":[{"id":25562,"href":"https:\/\/laserenaradio.cl\/web\/wp-json\/wp\/v2\/posts\/25561\/revisions\/25562"}],"wp:featuredmedia":[{"embeddable":true,"href":"https:\/\/laserenaradio.cl\/web\/wp-json\/wp\/v2\/media\/9076"}],"wp:attachment":[{"href":"https:\/\/laserenaradio.cl\/web\/wp-json\/wp\/v2\/media?parent=25561"}],"wp:term":[{"taxonomy":"category","embeddable":true,"href":"https:\/\/laserenaradio.cl\/web\/wp-json\/wp\/v2\/categories?post=25561"},{"taxonomy":"post_tag","embeddable":true,"href":"https:\/\/laserenaradio.cl\/web\/wp-json\/wp\/v2\/tags?post=25561"}],"curies":[{"name":"wp","href":"https:\/\/api.w.org\/{rel}","templated":true}]}}