{"id":25073,"date":"2026-03-19T22:12:16","date_gmt":"2026-03-20T01:12:16","guid":{"rendered":"https:\/\/laserenaradio.cl\/web\/?p=25073"},"modified":"2026-03-19T22:12:16","modified_gmt":"2026-03-20T01:12:16","slug":"municipio-de-ovalle-invita-a-participar-en-trekking-nocturno","status":"publish","type":"post","link":"https:\/\/laserenaradio.cl\/web\/2026\/03\/19\/municipio-de-ovalle-invita-a-participar-en-trekking-nocturno\/","title":{"rendered":"Municipio de Ovalle invita a participar en trekking nocturno"},"content":{"rendered":"<p>La jornada, impulsada por el municipio de Ovalle, a trav\u00e9s de la Oficina de Deportes y Recreaci\u00f3n, se llevar\u00e1 a cabo el pr\u00f3ximo s\u00e1bado 28 de marzo, desde las 20.00 horas y contemplar\u00e1 una ruta de 11 kil\u00f3metros, entre el Parque Recreacional Los Pe\u00f1ones y la localidad de Huamalata.<\/p>\n<p>Los amantes de las actividades f\u00edsicas al aire libre podr\u00e1n disfrutan de un grato panorama. El pr\u00f3ximo s\u00e1bado 28 de marzo se realizar\u00e1 una nueva jornada de Trekking Nocturno que se iniciar\u00e1 a las 20.00 horas, desde el Parque Recreacional hacia la localidad de Huamalata.<\/p>\n<p>La iniciativa, impulsada por el municipio de Ovalle, a trav\u00e9s de la Oficina de Deportes y Recreaci\u00f3n, contempla un recorrido de aproximadamente 11 kil\u00f3metros con una duraci\u00f3n estimada de 3 horas y media.<\/p>\n<p>Este trekking nocturno busca fomentar la vida saludable, el deporte y el contacto con la naturaleza, ofreciendo a la comunidad una experiencia distinta, en un entorno seguro y organizado.<\/p>\n<p>Las personas interesadas pueden inscribirse previamente a trav\u00e9s del c\u00f3digo QR disponible en la gr\u00e1fica oficial de la actividad, que se encuentra publicada en las redes sociales del municipio de Ovalle, en Instagram (@muniovalle) y en Facebook Ilustre Municipalidad de Ovalle.<\/p>\n<p>El alcalde de H\u00e9ctor Vega Campusano destac\u00f3 la importancia de este tipo de actividades \u201cson espacios que promueven la vida sana y el uso de nuestros entornos naturales. Este trekking nocturno es una excelente oportunidad para que las familias y vecinos disfruten del deporte, compartan y vivan una experiencia distinta en nuestra comuna\u201d.<\/p>\n<p>Por su parte, el encargado de la Oficina de Deportes y Recreaci\u00f3n, V\u00edctor Cort\u00e9s, indic\u00f3 que es importante que \u201ctoda la comunidad se sume a esta jornada, que est\u00e1 pensada para distintos niveles de participaci\u00f3n. La idea es que los asistentes consideren las recomendaciones, especialmente en materia de hidrataci\u00f3n y seguridad, para que puedan disfrutar plenamente de esta actividad\u201d.<\/p>\n<p>Dentro de las principales recomendaciones se encuentra que los menores de 14 a\u00f1os deben participar acompa\u00f1ados de un adulto, adem\u00e1s de llevar hidrataci\u00f3n (m\u00ednimo 2 litros de agua), colaci\u00f3n y luz destellante o linterna, elementos fundamentales para el desarrollo seguro de la jornada.<\/p>\n<p>Con esta actividad, el municipio de Ovalle contin\u00faa impulsando espacios de recreaci\u00f3n, deporte y vida sana para la comunidad, promoviendo la participaci\u00f3n ciudadana en iniciativas que fortalecen el bienestar f\u00edsico y mental.<\/p>\n","protected":false},"excerpt":{"rendered":"<p>La jornada, impulsada por el municipio de Ovalle, a trav\u00e9s de la Oficina de Deportes y Recreaci\u00f3n, se llevar\u00e1 a cabo el pr\u00f3ximo s\u00e1bado 28 de marzo, desde las 20.00 horas y contemplar\u00e1 una ruta de 11 kil\u00f3metros, entre el Parque Recreacional Los Pe\u00f1ones y la localidad de Huamalata. Los amantes de las actividades f\u00edsicas [&hellip;]<\/p>\n","protected":false},"author":2,"featured_media":25072,"comment_status":"closed","ping_status":"open","sticky":false,"template":"","format":"standard","meta":{"_jetpack_memberships_contains_paid_content":false,"jnews-multi-image_gallery":[],"jnews_single_post":[],"jnews_primary_category":[],"jnews_social_meta":[],"jnews_paywall_metabox":[],"jnews_review":[],"enable_review":"","type":"","name":"","summary":"","brand":"","sku":"","good":[],"bad":[],"score_override":"","override_value":"","rating":[],"price":[],"jnews_override_counter":[],"jnews_post_split":[],"footnotes":""},"categories":[21],"tags":[],"class_list":["post-25073","post","type-post","status-publish","format-standard","has-post-thumbnail","hentry","category-nacional"],"jetpack_featured_media_url":"https:\/\/laserenaradio.cl\/web\/wp-content\/uploads\/2026\/03\/mediapiaiextstaticimg_webpMunicipioOvalleOvallejornadamunicipioOficina_source-scaled.webp","jetpack_sharing_enabled":true,"_links":{"self":[{"href":"https:\/\/laserenaradio.cl\/web\/wp-json\/wp\/v2\/posts\/25073","targetHints":{"allow":["GET"]}}],"collection":[{"href":"https:\/\/laserenaradio.cl\/web\/wp-json\/wp\/v2\/posts"}],"about":[{"href":"https:\/\/laserenaradio.cl\/web\/wp-json\/wp\/v2\/types\/post"}],"author":[{"embeddable":true,"href":"https:\/\/laserenaradio.cl\/web\/wp-json\/wp\/v2\/users\/2"}],"replies":[{"embeddable":true,"href":"https:\/\/laserenaradio.cl\/web\/wp-json\/wp\/v2\/comments?post=25073"}],"version-history":[{"count":1,"href":"https:\/\/laserenaradio.cl\/web\/wp-json\/wp\/v2\/posts\/25073\/revisions"}],"predecessor-version":[{"id":25074,"href":"https:\/\/laserenaradio.cl\/web\/wp-json\/wp\/v2\/posts\/25073\/revisions\/25074"}],"wp:featuredmedia":[{"embeddable":true,"href":"https:\/\/laserenaradio.cl\/web\/wp-json\/wp\/v2\/media\/25072"}],"wp:attachment":[{"href":"https:\/\/laserenaradio.cl\/web\/wp-json\/wp\/v2\/media?parent=25073"}],"wp:term":[{"taxonomy":"category","embeddable":true,"href":"https:\/\/laserenaradio.cl\/web\/wp-json\/wp\/v2\/categories?post=25073"},{"taxonomy":"post_tag","embeddable":true,"href":"https:\/\/laserenaradio.cl\/web\/wp-json\/wp\/v2\/tags?post=25073"}],"curies":[{"name":"wp","href":"https:\/\/api.w.org\/{rel}","templated":true}]}}