{"id":25064,"date":"2026-03-19T21:02:40","date_gmt":"2026-03-20T00:02:40","guid":{"rendered":"https:\/\/laserenaradio.cl\/web\/?p=25064"},"modified":"2026-03-19T21:02:40","modified_gmt":"2026-03-20T00:02:40","slug":"corte-de-apelaciones-de-concepcion-confirma-prision-preventiva-para-abogadas-formalizadas-por-asociacion-criminal-en-los-angeles","status":"publish","type":"post","link":"https:\/\/laserenaradio.cl\/web\/2026\/03\/19\/corte-de-apelaciones-de-concepcion-confirma-prision-preventiva-para-abogadas-formalizadas-por-asociacion-criminal-en-los-angeles\/","title":{"rendered":"Corte de Apelaciones de Concepci\u00f3n confirma prisi\u00f3n preventiva para abogadas formalizadas por asociaci\u00f3n criminal en Los \u00c1ngeles"},"content":{"rendered":"<p>La Fiscal Regional de \u00d1uble, Nayalet Mansilla Donoso, inform\u00f3 que la I. Corte de Apelaciones de Concepci\u00f3n confirm\u00f3 la prisi\u00f3n preventiva para dos abogadas de Los \u00c1ngeles, en el marco de una investigaci\u00f3n por delitos de asociaci\u00f3n criminal y otros vinculados al sistema de administraci\u00f3n de justicia penal en dicha ciudad.<\/p>\n<p>Se trata de las abogadas de libre ejercicio de la profesi\u00f3n, Susana Cort\u00e9s Karmy y Andrea Romero Jara, quienes cumplen la medida cautelar privativa de libertad en el\u00a0 penal Biob\u00edo, en Concepci\u00f3n.<\/p>\n<p>La Fiscal Regional destac\u00f3 que el tribunal de alzada sum\u00f3 m\u00e1s delitos a los que hab\u00edan sido acreditados por la magistrada Claudia Aguilera Gonz\u00e1lez, del Juzgado de Garant\u00eda de Los \u00c1ngeles, pues los ministros consideran que se dan por establecidos el soborno y el tr\u00e1fico il\u00edcito de armas.<\/p>\n<p>Otros delitos que enfrentan las imputadas son asociaci\u00f3n criminal, obstrucci\u00f3n a la investigaci\u00f3n, acceso indebido a sistemas inform\u00e1ticos y prevaricaci\u00f3n del abogado.<\/p>\n<p>Los ministros de la Corte, quienes fallaron de forma un\u00e1nime, precisaron que las formalizadas son \u201cun peligro para el \u00e9xito de la investigaci\u00f3n y para la seguridad de la sociedad\u201d. Acotaron que \u201cno pasa por alto a estos juzgadores que, entre las conductas atribuidas a las encausadas, hay algunas que afectan directamente a la fe p\u00fablica y a la administraci\u00f3n de justicia\u201d.<\/p>\n<p>A las abogadas formalizadas se suma en esta investigaci\u00f3n el exdefensor local jefe de Los \u00c1ngeles, Patricio Guti\u00e9rrez Marinado (esposo de la imputada Susana Cort\u00e9s), quien fue formalizado por revelaci\u00f3n de secreto y qued\u00f3 con las medida cautelares de arresto domiciliario nocturno, prohibici\u00f3n de salir del pa\u00eds y prohibici\u00f3n de comunicarse con los dem\u00e1s imputados, incluida su c\u00f3nyuge.<\/p>\n<p>Un cuarto formalizado en esta investigaci\u00f3n es el funcionario del Juzgado de Garant\u00eda de Los \u00c1ngeles, Nelson S\u00e1ez Reyes, quien est\u00e1 con las medidas cautelares de arresto domiciliario total, y prohibiciones de salir del pa\u00eds y de comunicarse con los otros imputados. Nelson S\u00e1ez est\u00e1 formalizado por cohecho reiterado.<\/p>\n<p>La forma de operar:<\/p>\n<p>Respecto de la asociaci\u00f3n criminal, las abogadas formalizadas, entre 2017 y marzo de 2025, atentaron contra el orden social de administraci\u00f3n de justicia al cooptar al funcionario judicial Nelson S\u00e1ez, encargado de actas del tribunal, para que acomodara audiencias con una magistrada, tambi\u00e9n imputada en la causa, quien fallaba en favor de sus intereses.<\/p>\n<p>Tambi\u00e9n cooptaron a Patricio Guti\u00e9rrez y a un fiscal de Los \u00c1ngeles, esposo de Andrea Romero e imputado en esta investigaci\u00f3n, quienes facilitaron la obtenci\u00f3n de informaci\u00f3n desde los sistemas inform\u00e1ticos de la Defensor\u00eda y de la Fiscal\u00eda, lo que favoreci\u00f3 a sus esposas en las defensas de sus clientes.<\/p>\n<p>Tambi\u00e9n se expuso que ambas abogadas advirtieron a sus clientes de diligencias reservadas de la Fiscal\u00eda y de las polic\u00edas, les instru\u00edan que usaran tel\u00e9fonos viejos que no se pudieran interceptar, fabricaron una falsa cooperaci\u00f3n eficaz y entregaron antecedentes falsos a fiscales, en el marco de las investigaciones que realizaban, entre otras acciones.<\/p>\n<p>Tanto la magistrada como el fiscal imputado en esta causa no fueron formalizados en esta oportunidad, pues para pedirles medidas cautelares es necesario que la I. Corte de Apelaciones de Concepci\u00f3n apruebe una querella de cap\u00edtulos en su contra, explic\u00f3 la Fiscal Regional, Nayalet Mansilla. Precis\u00f3 que dicho requerimiento se presentar\u00e1 en los pr\u00f3ximos d\u00edas.<\/p>\n<p>El Juzgado de Garant\u00eda de Los \u00c1ngeles decret\u00f3 tres meses de plazo para la investigaci\u00f3n de la fiscal\u00eda, la que se realiza con la Brigada Investigadora de Delitos Econ\u00f3micos (Bridec) de la PDI de \u00d1uble.<\/p>\n","protected":false},"excerpt":{"rendered":"<p>La Fiscal Regional de \u00d1uble, Nayalet Mansilla Donoso, inform\u00f3 que la I. Corte de Apelaciones de Concepci\u00f3n confirm\u00f3 la prisi\u00f3n preventiva para dos abogadas de Los \u00c1ngeles, en el marco de una investigaci\u00f3n por delitos de asociaci\u00f3n criminal y otros vinculados al sistema de administraci\u00f3n de justicia penal en dicha ciudad. Se trata de las [&hellip;]<\/p>\n","protected":false},"author":2,"featured_media":25063,"comment_status":"closed","ping_status":"open","sticky":false,"template":"","format":"standard","meta":{"_jetpack_memberships_contains_paid_content":false,"jnews-multi-image_gallery":[],"jnews_single_post":[],"jnews_primary_category":[],"jnews_social_meta":[],"jnews_paywall_metabox":[],"jnews_review":[],"enable_review":"","type":"","name":"","summary":"","brand":"","sku":"","good":[],"bad":[],"score_override":"","override_value":"","rating":[],"price":[],"jnews_override_counter":[],"jnews_post_split":[],"footnotes":""},"categories":[21],"tags":[],"class_list":["post-25064","post","type-post","status-publish","format-standard","has-post-thumbnail","hentry","category-nacional"],"jetpack_featured_media_url":"https:\/\/laserenaradio.cl\/web\/wp-content\/uploads\/2026\/03\/mediapiaiextstaticimg_webpCorteApelacionesabogadasCortecriminalformalizadas_source.webp","jetpack_sharing_enabled":true,"_links":{"self":[{"href":"https:\/\/laserenaradio.cl\/web\/wp-json\/wp\/v2\/posts\/25064","targetHints":{"allow":["GET"]}}],"collection":[{"href":"https:\/\/laserenaradio.cl\/web\/wp-json\/wp\/v2\/posts"}],"about":[{"href":"https:\/\/laserenaradio.cl\/web\/wp-json\/wp\/v2\/types\/post"}],"author":[{"embeddable":true,"href":"https:\/\/laserenaradio.cl\/web\/wp-json\/wp\/v2\/users\/2"}],"replies":[{"embeddable":true,"href":"https:\/\/laserenaradio.cl\/web\/wp-json\/wp\/v2\/comments?post=25064"}],"version-history":[{"count":1,"href":"https:\/\/laserenaradio.cl\/web\/wp-json\/wp\/v2\/posts\/25064\/revisions"}],"predecessor-version":[{"id":25065,"href":"https:\/\/laserenaradio.cl\/web\/wp-json\/wp\/v2\/posts\/25064\/revisions\/25065"}],"wp:featuredmedia":[{"embeddable":true,"href":"https:\/\/laserenaradio.cl\/web\/wp-json\/wp\/v2\/media\/25063"}],"wp:attachment":[{"href":"https:\/\/laserenaradio.cl\/web\/wp-json\/wp\/v2\/media?parent=25064"}],"wp:term":[{"taxonomy":"category","embeddable":true,"href":"https:\/\/laserenaradio.cl\/web\/wp-json\/wp\/v2\/categories?post=25064"},{"taxonomy":"post_tag","embeddable":true,"href":"https:\/\/laserenaradio.cl\/web\/wp-json\/wp\/v2\/tags?post=25064"}],"curies":[{"name":"wp","href":"https:\/\/api.w.org\/{rel}","templated":true}]}}