{"id":25047,"date":"2026-03-19T17:20:19","date_gmt":"2026-03-19T20:20:19","guid":{"rendered":"https:\/\/laserenaradio.cl\/web\/?p=25047"},"modified":"2026-03-19T17:20:19","modified_gmt":"2026-03-19T20:20:19","slug":"corte-de-suministro-electrico-afecta-a-9370-clientes-en-ovalle","status":"publish","type":"post","link":"https:\/\/laserenaradio.cl\/web\/2026\/03\/19\/corte-de-suministro-electrico-afecta-a-9370-clientes-en-ovalle\/","title":{"rendered":"Corte de suministro el\u00e9ctrico afecta a 9370 clientes en Ovalle"},"content":{"rendered":"<p>Se ha reportado un corte de energ\u00eda de emergencia en la comuna de Ovalle.<\/p>\n<p>Seg\u00fan la informaci\u00f3n proporcionada por CGE, el incidente afecta actualmente a 9370 clientes.<\/p>\n<p>La zona afectada comprende los sectores de: Ruta D-635, Los Canelos, Ovalle, Provincia de Limar\u00ed, Regi\u00f3n de Coquimbo, Chile<\/p>\n<p>Detalle t\u00e9cnico: Clientes afectados: 9370<br \/>Restauraci&#243;n estimada: 19\/03\/2026 20:30 hrs<\/p>\n<p>Recomendaciones<\/p>\n<p>Mantenga sus dispositivos cargados y evite abrir refrigeradores innecesariamente para conservar el fr\u00edo.<\/p>\n","protected":false},"excerpt":{"rendered":"<p>Se ha reportado un corte de energ\u00eda de emergencia en la comuna de Ovalle. Seg\u00fan la informaci\u00f3n proporcionada por CGE, el incidente afecta actualmente a 9370 clientes. La zona afectada comprende los sectores de: Ruta D-635, Los Canelos, Ovalle, Provincia de Limar\u00ed, Regi\u00f3n de Coquimbo, Chile Detalle t\u00e9cnico: Clientes afectados: 9370Restauraci&#243;n estimada: 19\/03\/2026 20:30 hrs [&hellip;]<\/p>\n","protected":false},"author":2,"featured_media":25046,"comment_status":"closed","ping_status":"open","sticky":false,"template":"","format":"standard","meta":{"_jetpack_memberships_contains_paid_content":false,"jnews-multi-image_gallery":[],"jnews_single_post":[],"jnews_primary_category":[],"jnews_social_meta":[],"jnews_paywall_metabox":[],"jnews_review":[],"enable_review":"","type":"","name":"","summary":"","brand":"","sku":"","good":[],"bad":[],"score_override":"","override_value":"","rating":[],"price":[],"jnews_override_counter":[],"jnews_post_split":[],"footnotes":""},"categories":[21],"tags":[],"class_list":["post-25047","post","type-post","status-publish","format-standard","has-post-thumbnail","hentry","category-nacional"],"jetpack_featured_media_url":"https:\/\/laserenaradio.cl\/web\/wp-content\/uploads\/2026\/03\/mediapiaiextstaticimg_cgecorte_cge_30861247145623.webp","jetpack_sharing_enabled":true,"_links":{"self":[{"href":"https:\/\/laserenaradio.cl\/web\/wp-json\/wp\/v2\/posts\/25047","targetHints":{"allow":["GET"]}}],"collection":[{"href":"https:\/\/laserenaradio.cl\/web\/wp-json\/wp\/v2\/posts"}],"about":[{"href":"https:\/\/laserenaradio.cl\/web\/wp-json\/wp\/v2\/types\/post"}],"author":[{"embeddable":true,"href":"https:\/\/laserenaradio.cl\/web\/wp-json\/wp\/v2\/users\/2"}],"replies":[{"embeddable":true,"href":"https:\/\/laserenaradio.cl\/web\/wp-json\/wp\/v2\/comments?post=25047"}],"version-history":[{"count":1,"href":"https:\/\/laserenaradio.cl\/web\/wp-json\/wp\/v2\/posts\/25047\/revisions"}],"predecessor-version":[{"id":25048,"href":"https:\/\/laserenaradio.cl\/web\/wp-json\/wp\/v2\/posts\/25047\/revisions\/25048"}],"wp:featuredmedia":[{"embeddable":true,"href":"https:\/\/laserenaradio.cl\/web\/wp-json\/wp\/v2\/media\/25046"}],"wp:attachment":[{"href":"https:\/\/laserenaradio.cl\/web\/wp-json\/wp\/v2\/media?parent=25047"}],"wp:term":[{"taxonomy":"category","embeddable":true,"href":"https:\/\/laserenaradio.cl\/web\/wp-json\/wp\/v2\/categories?post=25047"},{"taxonomy":"post_tag","embeddable":true,"href":"https:\/\/laserenaradio.cl\/web\/wp-json\/wp\/v2\/tags?post=25047"}],"curies":[{"name":"wp","href":"https:\/\/api.w.org\/{rel}","templated":true}]}}