{"id":25044,"date":"2026-03-19T15:12:15","date_gmt":"2026-03-19T18:12:15","guid":{"rendered":"https:\/\/laserenaradio.cl\/web\/?p=25044"},"modified":"2026-03-19T15:12:15","modified_gmt":"2026-03-19T18:12:15","slug":"el-ministro-de-transportes-considera-ajustar-la-flota-de-buses-red","status":"publish","type":"post","link":"https:\/\/laserenaradio.cl\/web\/2026\/03\/19\/el-ministro-de-transportes-considera-ajustar-la-flota-de-buses-red\/","title":{"rendered":"El ministro de Transportes considera ajustar la flota de buses RED."},"content":{"rendered":"<p>El ministro de Transportes y Telecomunicaciones, Louis de Grange, plante\u00f3 posibles ajustes en la flota de buses RED en la regi\u00f3n Metropolitana. Durante un punto de prensa, De Grange se\u00f1al\u00f3 que los servicios RED han aumentado el d\u00e9ficit del sistema en forma significativa. Este ajuste podr\u00eda implicar buses menos adecuados para todas las regiones. <\/p>\n<p>Seg\u00fan De Grange, la responsabilidad del gobierno es avanzar con propuestas de transporte que mejoran la calidad de vida, ajust\u00e1ndose a las necesidades de cada territorio. Asegur\u00f3 que el subsidio al sistema RED continuar\u00e1, habiendo superado US$1.200 millones en los \u00faltimos cuatro a\u00f1os.<\/p>\n<p>El ministro tambi\u00e9n indic\u00f3 la necesidad de realizar una evaluaci\u00f3n precisa sobre recorridos, horarios y justificaciones con ciertos tipos de buses. Este an\u00e1lisis t\u00e9cnico es fundamental para optimizar la calidad del servicio, utilizando de forma responsable los recursos de todos los chilenos.<\/p>\n<p>De Grange argument\u00f3 que existen ineficiencias en ciertas zonas de Santiago, como buses pegados o articulados circulando en la noche. Sin embargo, afirm\u00f3 que se priorizar\u00e1 la calidad del servicio sin deterioro en los tiempos de viaje ni espera para los pasajeros.<\/p>\n<p><small><i><strong>Aviso de transparencia:<\/strong> Este art\u00edculo ha sido elaborado con la asistencia de Inteligencia Artificial para optimizar el procesamiento de informaci\u00f3n. Sin embargo, todo el contenido ha sido revisado, editado y validado por el equipo period\u00edstico de <strong><a href=\"https:\/\/laserenaradio.cl\/web\/\">LaSerenaRadio.cl<\/a><\/strong>, garantizando nuestra l\u00ednea editorial y veracidad informativa.<\/i><\/small><\/p>\n","protected":false},"excerpt":{"rendered":"<p>El ministro de Transportes y Telecomunicaciones, Louis de Grange, plante\u00f3 posibles ajustes en la flota de buses RED en la regi\u00f3n Metropolitana. Durante un punto de prensa, De Grange se\u00f1al\u00f3 que los servicios RED han aumentado el d\u00e9ficit del sistema en forma significativa. Este ajuste podr\u00eda implicar buses menos adecuados para todas las regiones. Seg\u00fan [&hellip;]<\/p>\n","protected":false},"author":2,"featured_media":25043,"comment_status":"closed","ping_status":"open","sticky":false,"template":"","format":"standard","meta":{"_jetpack_memberships_contains_paid_content":false,"jnews-multi-image_gallery":[],"jnews_single_post":[],"jnews_primary_category":[],"jnews_social_meta":[],"jnews_paywall_metabox":[],"jnews_review":[],"enable_review":"","type":"","name":"","summary":"","brand":"","sku":"","good":[],"bad":[],"score_override":"","override_value":"","rating":[],"price":[],"jnews_override_counter":[],"jnews_post_split":[],"footnotes":""},"categories":[21],"tags":[],"class_list":["post-25044","post","type-post","status-publish","format-standard","has-post-thumbnail","hentry","category-nacional"],"jetpack_featured_media_url":"https:\/\/laserenaradio.cl\/web\/wp-content\/uploads\/2026\/03\/mediapiaiextstaticimg_webpbusesministrocalidadTransportes_0.webp","jetpack_sharing_enabled":true,"_links":{"self":[{"href":"https:\/\/laserenaradio.cl\/web\/wp-json\/wp\/v2\/posts\/25044","targetHints":{"allow":["GET"]}}],"collection":[{"href":"https:\/\/laserenaradio.cl\/web\/wp-json\/wp\/v2\/posts"}],"about":[{"href":"https:\/\/laserenaradio.cl\/web\/wp-json\/wp\/v2\/types\/post"}],"author":[{"embeddable":true,"href":"https:\/\/laserenaradio.cl\/web\/wp-json\/wp\/v2\/users\/2"}],"replies":[{"embeddable":true,"href":"https:\/\/laserenaradio.cl\/web\/wp-json\/wp\/v2\/comments?post=25044"}],"version-history":[{"count":1,"href":"https:\/\/laserenaradio.cl\/web\/wp-json\/wp\/v2\/posts\/25044\/revisions"}],"predecessor-version":[{"id":25045,"href":"https:\/\/laserenaradio.cl\/web\/wp-json\/wp\/v2\/posts\/25044\/revisions\/25045"}],"wp:featuredmedia":[{"embeddable":true,"href":"https:\/\/laserenaradio.cl\/web\/wp-json\/wp\/v2\/media\/25043"}],"wp:attachment":[{"href":"https:\/\/laserenaradio.cl\/web\/wp-json\/wp\/v2\/media?parent=25044"}],"wp:term":[{"taxonomy":"category","embeddable":true,"href":"https:\/\/laserenaradio.cl\/web\/wp-json\/wp\/v2\/categories?post=25044"},{"taxonomy":"post_tag","embeddable":true,"href":"https:\/\/laserenaradio.cl\/web\/wp-json\/wp\/v2\/tags?post=25044"}],"curies":[{"name":"wp","href":"https:\/\/api.w.org\/{rel}","templated":true}]}}