{"id":25022,"date":"2026-03-19T10:25:40","date_gmt":"2026-03-19T13:25:40","guid":{"rendered":"https:\/\/laserenaradio.cl\/web\/?p=25022"},"modified":"2026-03-19T10:25:40","modified_gmt":"2026-03-19T13:25:40","slug":"nuevos-antecedentes-apuntan-a-ataque-simulado-contra-rodrigo-rojas-vade","status":"publish","type":"post","link":"https:\/\/laserenaradio.cl\/web\/2026\/03\/19\/nuevos-antecedentes-apuntan-a-ataque-simulado-contra-rodrigo-rojas-vade\/","title":{"rendered":"Nuevos antecedentes apuntan a ataque simulado contra Rodrigo Rojas Vade"},"content":{"rendered":"<p>Un nuevo antecedente que complica a Rodrigo Rojas Vade se conoci\u00f3 durante las \u00faltimas horas, el que refuerza la tesis de que lo ocurrido con el exconvencional fue un ataque simulado. <\/p>\n<p>Rojas Vade, conocido por fingir un c\u00e1ncer, fue encontrado el 12 de marzo a un costado de la Ruta 78. \u00c9l estaba inconsciente, con golpes en la cabeza, sus manos amarradas y mensajes pol\u00edticos en los brazos: \u201cviva Kast\u201d y \u201cno+zurdos\u201d. Tras ello, se mantuvo en riesgo vital y coma inducido, pero ya sali\u00f3 de esa condici\u00f3n. Actualmente, se encuentra en franca recuperaci\u00f3n y dej\u00f3 la UCI del Hospital San Juan de Dios.<\/p>\n<p>Primero, la <a href=\"https:\/\/www.fiscaliadechile.cl\/\">Fiscal\u00eda<\/a> ECOH investig\u00f3 un eventual secuestro. Sin embargo, actualmente toma fuerza la hip\u00f3tesis de un ataque simulado por el propio Rojas Vade. En un principio, se conoci\u00f3 que las amarras que ten\u00eda el exconvencional eran similares a las que \u00e9l ten\u00eda en su casa y que el plum\u00f3n con el que se realizaron los rayados estaba en su auto. Adem\u00e1s, se estima que el consumo de drogas pudo generar su grave estado de salud y ahora se conoci\u00f3 que los rayados encontrados en los brazos de Rojas Vade son similares a la letra de sus carteles.<\/p>\n<p>Seg\u00fan inform\u00f3 The Clinic, se realiz\u00f3 un peritaje grafol\u00f3gico a los mensajes que estaban en las extremidades del activista. Esto comparando trazos, forma de escritura y patrones de la letra. De este modo, se estim\u00f3 que existen coincidencias entre los carteles que portaba Rojas Vade para las protestas del estallido social y lo que ten\u00eda escrito en los brazos. El citado medio tambi\u00e9n llev\u00f3 im\u00e1genes del sitio del suceso a una perito cal\u00edgrafa externa a la investigaci\u00f3n, Camilia Filidei, quien lleg\u00f3 a una conclusi\u00f3n similar.<\/p>\n<p>Tanto la escritura que Rojas Vade presenta en su brazo, como la escritura que se expone en las pancartas \u2013presumiendo que fueron escritas por \u00e9l\u2013, se manifiestan como trazos de terminaciones angulosas. Adem\u00e1s, la tipograf\u00eda gr\u00e1fica es de letra imprenta y de car\u00e1cter muy sim\u00e9trico, lo que hace que existan los factores e indicios gr\u00e1ficos para determinar la \u2018presunci\u00f3n t\u00e9cnica fundada\u2019 de la misma mano autora. Es decir, habr\u00eda sido escrito por la misma persona. La investigaci\u00f3n a\u00fan contin\u00faa.<\/p>\n<p><small><i><strong>Aviso de transparencia:<\/strong> Este art\u00edculo ha sido elaborado con la asistencia de Inteligencia Artificial para optimizar el procesamiento de informaci\u00f3n. Sin embargo, todo el contenido ha sido revisado, editado y validado por el equipo period\u00edstico de <strong><a href=\"https:\/\/laserenaradio.cl\/web\/\">LaSerenaRadio.cl<\/a><\/strong>, garantizando nuestra l\u00ednea editorial y veracidad informativa.<\/i><\/small><\/p>\n","protected":false},"excerpt":{"rendered":"<p>Un nuevo antecedente que complica a Rodrigo Rojas Vade se conoci\u00f3 durante las \u00faltimas horas, el que refuerza la tesis de que lo ocurrido con el exconvencional fue un ataque simulado. Rojas Vade, conocido por fingir un c\u00e1ncer, fue encontrado el 12 de marzo a un costado de la Ruta 78. \u00c9l estaba inconsciente, con [&hellip;]<\/p>\n","protected":false},"author":2,"featured_media":9078,"comment_status":"closed","ping_status":"open","sticky":false,"template":"","format":"standard","meta":{"_jetpack_memberships_contains_paid_content":false,"jnews-multi-image_gallery":[],"jnews_single_post":[],"jnews_primary_category":[],"jnews_social_meta":[],"jnews_paywall_metabox":[],"jnews_review":[],"enable_review":"","type":"","name":"","summary":"","brand":"","sku":"","good":[],"bad":[],"score_override":"","override_value":"","rating":[],"price":[],"jnews_override_counter":[],"jnews_post_split":[],"footnotes":""},"categories":[21],"tags":[],"class_list":["post-25022","post","type-post","status-publish","format-standard","has-post-thumbnail","hentry","category-nacional"],"jetpack_featured_media_url":"https:\/\/laserenaradio.cl\/web\/wp-content\/uploads\/2024\/12\/laserenaradio_ultimo_minuto.webp","jetpack_sharing_enabled":true,"_links":{"self":[{"href":"https:\/\/laserenaradio.cl\/web\/wp-json\/wp\/v2\/posts\/25022","targetHints":{"allow":["GET"]}}],"collection":[{"href":"https:\/\/laserenaradio.cl\/web\/wp-json\/wp\/v2\/posts"}],"about":[{"href":"https:\/\/laserenaradio.cl\/web\/wp-json\/wp\/v2\/types\/post"}],"author":[{"embeddable":true,"href":"https:\/\/laserenaradio.cl\/web\/wp-json\/wp\/v2\/users\/2"}],"replies":[{"embeddable":true,"href":"https:\/\/laserenaradio.cl\/web\/wp-json\/wp\/v2\/comments?post=25022"}],"version-history":[{"count":1,"href":"https:\/\/laserenaradio.cl\/web\/wp-json\/wp\/v2\/posts\/25022\/revisions"}],"predecessor-version":[{"id":25023,"href":"https:\/\/laserenaradio.cl\/web\/wp-json\/wp\/v2\/posts\/25022\/revisions\/25023"}],"wp:featuredmedia":[{"embeddable":true,"href":"https:\/\/laserenaradio.cl\/web\/wp-json\/wp\/v2\/media\/9078"}],"wp:attachment":[{"href":"https:\/\/laserenaradio.cl\/web\/wp-json\/wp\/v2\/media?parent=25022"}],"wp:term":[{"taxonomy":"category","embeddable":true,"href":"https:\/\/laserenaradio.cl\/web\/wp-json\/wp\/v2\/categories?post=25022"},{"taxonomy":"post_tag","embeddable":true,"href":"https:\/\/laserenaradio.cl\/web\/wp-json\/wp\/v2\/tags?post=25022"}],"curies":[{"name":"wp","href":"https:\/\/api.w.org\/{rel}","templated":true}]}}