{"id":25014,"date":"2026-03-19T07:38:31","date_gmt":"2026-03-19T10:38:31","guid":{"rendered":"https:\/\/laserenaradio.cl\/web\/?p=25014"},"modified":"2026-03-19T07:38:31","modified_gmt":"2026-03-19T10:38:31","slug":"haitiano-asesinado-a-punaladas-en-quilicura","status":"publish","type":"post","link":"https:\/\/laserenaradio.cl\/web\/2026\/03\/19\/haitiano-asesinado-a-punaladas-en-quilicura\/","title":{"rendered":"Haitiano asesinado a pu\u00f1aladas en Quilicura"},"content":{"rendered":"<p>Un ciudadano haitiano fue asesinado a pu\u00f1aladas en la comuna de Quilicura. <\/p>\n<p>Hasta ahora, se desconocen las circunstancias del ataque y se indaga un posible robo. <\/p>\n<p>Todo qued\u00f3 al descubierto la madrugada de este jueves en calle Colo Colo, cuando personal de seguridad privada vio a un hombre que baj\u00f3 de un auto evidentemente ensangrentado. El individuo no pudo mantenerse en pie y se desplom\u00f3 en la v\u00eda p\u00fablica. <\/p>\n<p>R\u00e1pidamente, los testigos llamaron a personal de emergencia, quienes lo trasladaron hasta el SAPU Rodrigo Rojas de Negri. All\u00ed se constat\u00f3 su muerte producto de un paro cardiorrespiratorio. <\/p>\n<p>Uno de los testigos asegur\u00f3 que, al momento de llegar a calle Colo Colo, la v\u00edctima se encontraba en muy mal estado de salud. &#8220;Se desplom\u00f3 altiro&#8221;, dijo. <\/p>\n<p>La v\u00edctima es un hombre adulto de nacionalidad haitiana y de momento no se ha logrado constatar hacia d\u00f3nde se dirig\u00eda. Sin embargo, la hip\u00f3tesis m\u00e1s plausible es la de un robo con violencia, pues vecinos aseguran que ese sector es foco de delitos de ese tipo. En ese sentido, el fiscal Felipe Olivari, de la <a href=\"https:\/\/www.fiscaliadechile.cl\/\">Fiscal\u00eda<\/a> Metropolitana Centro Norte, se\u00f1al\u00f3 que el hombre ten\u00eda varias pu\u00f1aladas, pero una recibida en la clav\u00edcula fue la que le provoc\u00f3 la muerte. <\/p>\n<p>El Ministerio P\u00fablico determin\u00f3 que tanto el Laboratorio de <a href=\"https:\/\/www.carabineros.cl\/\">Carabineros<\/a> como el OS9 de <a href=\"https:\/\/www.carabineros.cl\/\">Carabineros<\/a> lleven adelante esta indagatoria.<\/p>\n<p><small><i><strong>Aviso de transparencia:<\/strong> Este art\u00edculo ha sido elaborado con la asistencia de Inteligencia Artificial para optimizar el procesamiento de informaci\u00f3n. Sin embargo, todo el contenido ha sido revisado, editado y validado por el equipo period\u00edstico de <strong><a href=\"https:\/\/laserenaradio.cl\/web\/\">LaSerenaRadio.cl<\/a><\/strong>, garantizando nuestra l\u00ednea editorial y veracidad informativa.<\/i><\/small><\/p>\n","protected":false},"excerpt":{"rendered":"<p>Un ciudadano haitiano fue asesinado a pu\u00f1aladas en la comuna de Quilicura. Hasta ahora, se desconocen las circunstancias del ataque y se indaga un posible robo. Todo qued\u00f3 al descubierto la madrugada de este jueves en calle Colo Colo, cuando personal de seguridad privada vio a un hombre que baj\u00f3 de un auto evidentemente ensangrentado. [&hellip;]<\/p>\n","protected":false},"author":2,"featured_media":25013,"comment_status":"closed","ping_status":"open","sticky":false,"template":"","format":"standard","meta":{"_jetpack_memberships_contains_paid_content":false,"jnews-multi-image_gallery":[],"jnews_single_post":[],"jnews_primary_category":[],"jnews_social_meta":[],"jnews_paywall_metabox":[],"jnews_review":[],"enable_review":"","type":"","name":"","summary":"","brand":"","sku":"","good":[],"bad":[],"score_override":"","override_value":"","rating":[],"price":[],"jnews_override_counter":[],"jnews_post_split":[],"footnotes":""},"categories":[21],"tags":[],"class_list":["post-25014","post","type-post","status-publish","format-standard","has-post-thumbnail","hentry","category-nacional"],"jetpack_featured_media_url":"https:\/\/laserenaradio.cl\/web\/wp-content\/uploads\/2026\/03\/mediapiaiextstaticimg_webphombreeseasesinadoQuilicura_0.webp","jetpack_sharing_enabled":true,"_links":{"self":[{"href":"https:\/\/laserenaradio.cl\/web\/wp-json\/wp\/v2\/posts\/25014","targetHints":{"allow":["GET"]}}],"collection":[{"href":"https:\/\/laserenaradio.cl\/web\/wp-json\/wp\/v2\/posts"}],"about":[{"href":"https:\/\/laserenaradio.cl\/web\/wp-json\/wp\/v2\/types\/post"}],"author":[{"embeddable":true,"href":"https:\/\/laserenaradio.cl\/web\/wp-json\/wp\/v2\/users\/2"}],"replies":[{"embeddable":true,"href":"https:\/\/laserenaradio.cl\/web\/wp-json\/wp\/v2\/comments?post=25014"}],"version-history":[{"count":1,"href":"https:\/\/laserenaradio.cl\/web\/wp-json\/wp\/v2\/posts\/25014\/revisions"}],"predecessor-version":[{"id":25015,"href":"https:\/\/laserenaradio.cl\/web\/wp-json\/wp\/v2\/posts\/25014\/revisions\/25015"}],"wp:featuredmedia":[{"embeddable":true,"href":"https:\/\/laserenaradio.cl\/web\/wp-json\/wp\/v2\/media\/25013"}],"wp:attachment":[{"href":"https:\/\/laserenaradio.cl\/web\/wp-json\/wp\/v2\/media?parent=25014"}],"wp:term":[{"taxonomy":"category","embeddable":true,"href":"https:\/\/laserenaradio.cl\/web\/wp-json\/wp\/v2\/categories?post=25014"},{"taxonomy":"post_tag","embeddable":true,"href":"https:\/\/laserenaradio.cl\/web\/wp-json\/wp\/v2\/tags?post=25014"}],"curies":[{"name":"wp","href":"https:\/\/api.w.org\/{rel}","templated":true}]}}