{"id":24989,"date":"2026-03-18T15:45:19","date_gmt":"2026-03-18T18:45:19","guid":{"rendered":"https:\/\/laserenaradio.cl\/web\/?p=24989"},"modified":"2026-03-18T15:45:19","modified_gmt":"2026-03-18T18:45:19","slug":"gobierno-da-cuenta-de-los-resultados-de-la-operacion-seguridad-total-112-detenidos-en-tres-dias","status":"publish","type":"post","link":"https:\/\/laserenaradio.cl\/web\/2026\/03\/18\/gobierno-da-cuenta-de-los-resultados-de-la-operacion-seguridad-total-112-detenidos-en-tres-dias\/","title":{"rendered":"Gobierno da cuenta de los resultados de la Operaci\u00f3n Seguridad Total: 112 detenidos en tres d\u00edas."},"content":{"rendered":"<p>Se trat\u00f3 de un operativo conjunto entre Carabineros y la PDI que se desarroll\u00f3 entre el 12 y el 14 de marzo, con foco en la captura de pr\u00f3fugos de la justicia.<\/p>\n<p>Un amplio despliegue regional realiz\u00f3 Carabineros de Chile y la Polic\u00eda de Investigaciones, en el marco de la Operaci\u00f3n Seguridad Total, que moviliz\u00f3 a ambas instituciones con el objetivo de enfrentar el crimen organizado y avanzar en la recuperaci\u00f3n de la seguridad en el pa\u00eds.<\/p>\n<p>En la regi\u00f3n, el operativo se inici\u00f3 en el sector Punta Mira de Coquimbo, donde, junto a vecinos, tambi\u00e9n se busc\u00f3 reforzar la presencia del Estado y mejorar la seguridad en barrios prioritarios.<\/p>\n<p>Desde el Ejecutivo valoraron el operativo, que en la regi\u00f3n dej\u00f3 como resultado la detenci\u00f3n de 112 personas en tres d\u00edas, muchas de ellas pr\u00f3fugas de la justicia, quienes manten\u00edan \u00f3rdenes de detenci\u00f3n vigentes por diversos delitos.<\/p>\n<p>\u201cDesde el Gobierno del Presidente Jos\u00e9 Antonio Kast reafirmamos nuestro apoyo irrestricto a nuestras polic\u00edas. Necesitamos que contin\u00faen desarrollando su labor con firmeza y compromiso, porque es fundamental avanzar en la recuperaci\u00f3n de los espacios p\u00fablicos. Nuestro objetivo es devolver la seguridad en las calles de las ciudades de la Regi\u00f3n de Coquimbo y en cada una de sus comunas\u201d, se\u00f1al\u00f3 el Delegado Presidencial regional, V\u00edctor Pino.<\/p>\n<p>La autoridad agreg\u00f3 que este tipo de operativos se mantendr\u00e1n en el tiempo y se extender\u00e1n a otros sectores de la regi\u00f3n, con el fin de brindar mayor tranquilidad a la comunidad. \u201cHoy, quienes deben preocuparse no son las personas que transitan por nuestras calles, sino los delincuentes, porque estaremos vigilantes y actuando con decisi\u00f3n\u201d.<\/p>\n<p>Balance de las polic\u00edas<\/p>\n<p>Desde Carabineros destacaron el trabajo conjunto y la planificaci\u00f3n estrat\u00e9gica del operativo, que permiti\u00f3 la detenci\u00f3n de 45 personas, todas pr\u00f3fugas de la justicia, en su mayor\u00eda chilenos, mayores de 30 a\u00f1os y reincidentes.<\/p>\n<p>El Coronel Juan Escobar, Prefecto de Carabineros Coquimbo, indic\u00f3 que \u201ceste operativo se planifica en base al an\u00e1lisis criminal de las \u00f3rdenes de detenci\u00f3n vigentes que mantenemos, en el marco de un trabajo permanente. Es importante destacar que estas acciones se desarrollan de manera paralela a la labor operativa policial que realizamos diariamente en el territorio\u201d.<\/p>\n<p>Por su parte, la Polic\u00eda de Investigaciones inform\u00f3 la detenci\u00f3n de 63 personas con \u00f3rdenes de detenci\u00f3n pendientes por diversos delitos, entre ellos robo y microtr\u00e1fico.<\/p>\n<p>El Prefecto Inspector Javier Gonz\u00e1lez, Jefe de la PDI en la Regi\u00f3n de Coquimbo, coment\u00f3 que \u201cse incautaron armas y drogas. Junto con las sustancias que habitualmente se decomisan, como cannabis sativa y coca\u00edna base, hemos observado un aumento en la incautaci\u00f3n de ketamina, lo que tambi\u00e9n da cuenta de los resultados de estas intervenciones\u201d.<\/p>\n<p>Adem\u00e1s, la PDI realiz\u00f3 controles migratorios en las tres provincias de la regi\u00f3n. El Prefecto inform\u00f3 que, en lo que va del a\u00f1o, se ha concretado la expulsi\u00f3n de cinco personas que manten\u00edan \u00f3rdenes de expulsi\u00f3n vigentes. En tanto, durante 2025 esta cifra alcanz\u00f3 cerca de un centenar de expulsiones.<\/p>\n","protected":false},"excerpt":{"rendered":"<p>Se trat\u00f3 de un operativo conjunto entre Carabineros y la PDI que se desarroll\u00f3 entre el 12 y el 14 de marzo, con foco en la captura de pr\u00f3fugos de la justicia. Un amplio despliegue regional realiz\u00f3 Carabineros de Chile y la Polic\u00eda de Investigaciones, en el marco de la Operaci\u00f3n Seguridad Total, que moviliz\u00f3 [&hellip;]<\/p>\n","protected":false},"author":2,"featured_media":24988,"comment_status":"closed","ping_status":"open","sticky":false,"template":"","format":"standard","meta":{"_jetpack_memberships_contains_paid_content":false,"jnews-multi-image_gallery":[],"jnews_single_post":[],"jnews_primary_category":[],"jnews_social_meta":[],"jnews_paywall_metabox":[],"jnews_review":[],"enable_review":"","type":"","name":"","summary":"","brand":"","sku":"","good":[],"bad":[],"score_override":"","override_value":"","rating":[],"price":[],"jnews_override_counter":[],"jnews_post_split":[],"footnotes":""},"categories":[21],"tags":[],"class_list":["post-24989","post","type-post","status-publish","format-standard","has-post-thumbnail","hentry","category-nacional"],"jetpack_featured_media_url":"https:\/\/laserenaradio.cl\/web\/wp-content\/uploads\/2026\/03\/mediapiaiextstaticimg_webpGobiernoOperacionoperativopersonasjusticiaseguridad_source.webp","jetpack_sharing_enabled":true,"_links":{"self":[{"href":"https:\/\/laserenaradio.cl\/web\/wp-json\/wp\/v2\/posts\/24989","targetHints":{"allow":["GET"]}}],"collection":[{"href":"https:\/\/laserenaradio.cl\/web\/wp-json\/wp\/v2\/posts"}],"about":[{"href":"https:\/\/laserenaradio.cl\/web\/wp-json\/wp\/v2\/types\/post"}],"author":[{"embeddable":true,"href":"https:\/\/laserenaradio.cl\/web\/wp-json\/wp\/v2\/users\/2"}],"replies":[{"embeddable":true,"href":"https:\/\/laserenaradio.cl\/web\/wp-json\/wp\/v2\/comments?post=24989"}],"version-history":[{"count":1,"href":"https:\/\/laserenaradio.cl\/web\/wp-json\/wp\/v2\/posts\/24989\/revisions"}],"predecessor-version":[{"id":24990,"href":"https:\/\/laserenaradio.cl\/web\/wp-json\/wp\/v2\/posts\/24989\/revisions\/24990"}],"wp:featuredmedia":[{"embeddable":true,"href":"https:\/\/laserenaradio.cl\/web\/wp-json\/wp\/v2\/media\/24988"}],"wp:attachment":[{"href":"https:\/\/laserenaradio.cl\/web\/wp-json\/wp\/v2\/media?parent=24989"}],"wp:term":[{"taxonomy":"category","embeddable":true,"href":"https:\/\/laserenaradio.cl\/web\/wp-json\/wp\/v2\/categories?post=24989"},{"taxonomy":"post_tag","embeddable":true,"href":"https:\/\/laserenaradio.cl\/web\/wp-json\/wp\/v2\/tags?post=24989"}],"curies":[{"name":"wp","href":"https:\/\/api.w.org\/{rel}","templated":true}]}}