{"id":24986,"date":"2026-03-18T13:02:22","date_gmt":"2026-03-18T16:02:22","guid":{"rendered":"https:\/\/laserenaradio.cl\/web\/?p=24986"},"modified":"2026-03-18T13:02:22","modified_gmt":"2026-03-18T16:02:22","slug":"fiscal-nacional-se-reune-con-fiscal-general-de-estados-unidos-para-fortalecer-cooperacion-en-seguridad","status":"publish","type":"post","link":"https:\/\/laserenaradio.cl\/web\/2026\/03\/18\/fiscal-nacional-se-reune-con-fiscal-general-de-estados-unidos-para-fortalecer-cooperacion-en-seguridad\/","title":{"rendered":"Fiscal Nacional se re\u00fane con Fiscal General de Estados Unidos para fortalecer cooperaci\u00f3n en seguridad"},"content":{"rendered":"<p>El Fiscal Nacional de Chile, \u00c1ngel Valencia, sostuvo este lunes una reuni\u00f3n de trabajo con la Fiscal General de Estados Unidos, Pam Bondi, con el objetivo de fortalecer la cooperaci\u00f3n bilateral en materia de persecuci\u00f3n del crimen organizado y seguridad.<\/p>\n<p>Durante el encuentro, realizado en el Departamento de Justicia, ambas autoridades abordaron diversos temas de inter\u00e9s com\u00fan relacionados con investigaciones contra organizaciones criminales transnacionales, cooperaci\u00f3n judicial y mecanismos para reforzar el intercambio de informaci\u00f3n entre ambos pa\u00edses.<\/p>\n<p>\u201cUn primer tema que conversamos fue lo relacionado con el lavado de activos, la protecci\u00f3n de nuestro sistema financiero, los flujos de dinero por delitos de este tipo y manifestamos nuestro inter\u00e9s por seguir cooperando en ese \u00e1mbito y poder fortalecer nuestras capacidades y la cooperaci\u00f3n con los Estados Unidos en la persecuci\u00f3n del dinero\u201d, explic\u00f3 \u00c1ngel Valencia.<\/p>\n<p>\u201cEl segundo tema fue seguir estrechando la cooperaci\u00f3n que ya tenemos \u00a0en materia de persecuci\u00f3n del Tren de Aragua, y en el caso espec\u00edfico, de los delitos que han cometido los Piratas de Aragua y las bandas asociadas en nuestro pa\u00eds, como el homicidio del Teniente Ronald Ojeda\u201d, se\u00f1al\u00f3.<\/p>\n<p>La Fiscal Bondi y su equipo, se\u00f1al\u00f3 Valencia, \u201cnos transmiti\u00f3 la disposici\u00f3n del Departamento de Justicia a seguir cooperando en el esclarecimiento del homicidio del Teniente Ronald Ojeda, no solo considerando la solicitud de declaraci\u00f3n de Nicol\u00e1s Maduro, sino que en poder aportar toda la informaci\u00f3n, antecedentes, evidencia que ellos vayan recopilando en las investigaciones que llevan adelante y que puedan ser de utilidad para el esclarecimiento de ese horroroso crimen. Es una respuesta muy favorable, muy positiva. Nos vamos muy contentos con eso\u201d.<\/p>\n<p>Explic\u00f3 Valencia que, dado que Maduro est\u00e1 bajo la jurisdicci\u00f3n de otro pa\u00eds, \u201clo que procede conforme a nuestro derecho es solicitar cooperaci\u00f3n a las autoridades de los Estados Unidos, para los efectos de que tramiten esa petici\u00f3n bajo las reglas que rigen nuestra cooperaci\u00f3n y su derecho interno\u201d.<\/p>\n<p>Aclar\u00f3 Valencia que la declaraci\u00f3n de Nicol\u00e1s Maduro est\u00e1 sujeta a su disposici\u00f3n a colaborar. Igualmente, \u201cel equipo de fiscales, liderados por el Fiscal Regional, H\u00e9ctor Barros, y las polic\u00edas ya han preparado un cuestionario que ser\u00eda remitido a las autoridades estadounidenses, y la Fiscal Bondi nos manifest\u00f3 la mejor disposici\u00f3n para poder colaborar con ese interrogatorio, en caso de ser procedente y necesario, sin perjuicio de que esto depende de la disposici\u00f3n de Maduro a cooperar\u201d, se\u00f1al\u00f3.<\/p>\n<p>Esta gesti\u00f3n se suma a un conjunto de esfuerzos que la Fiscal\u00eda est\u00e1 llevando adelante con la colaboraci\u00f3n del Departamento de Justicia y las polic\u00edas de los Estados Unidos para aclarar ese crimen, explic\u00f3 el Fiscal Nacional.<\/p>\n<p>El Fiscal Nacional valor\u00f3 positivamente la instancia de di\u00e1logo. \u201cLa Fiscal Bondi nos reitera la disposici\u00f3n del Departamento de Justicia de seguir cooperando en estos temas que son de inter\u00e9s com\u00fan, como el lavado de activos, la recuperaci\u00f3n de activos financieros, la persecuci\u00f3n del crimen organizado transnacional, y particularmente del Tren de Aragua y el esclarecimiento del crimen del teniente Ronald Ojeda\u201d, finaliz\u00f3.<\/p>\n","protected":false},"excerpt":{"rendered":"<p>El Fiscal Nacional de Chile, \u00c1ngel Valencia, sostuvo este lunes una reuni\u00f3n de trabajo con la Fiscal General de Estados Unidos, Pam Bondi, con el objetivo de fortalecer la cooperaci\u00f3n bilateral en materia de persecuci\u00f3n del crimen organizado y seguridad. Durante el encuentro, realizado en el Departamento de Justicia, ambas autoridades abordaron diversos temas de [&hellip;]<\/p>\n","protected":false},"author":2,"featured_media":24985,"comment_status":"closed","ping_status":"open","sticky":false,"template":"","format":"standard","meta":{"_jetpack_memberships_contains_paid_content":false,"jnews-multi-image_gallery":[],"jnews_single_post":[],"jnews_primary_category":[],"jnews_social_meta":[],"jnews_paywall_metabox":[],"jnews_review":[],"enable_review":"","type":"","name":"","summary":"","brand":"","sku":"","good":[],"bad":[],"score_override":"","override_value":"","rating":[],"price":[],"jnews_override_counter":[],"jnews_post_split":[],"footnotes":""},"categories":[21],"tags":[],"class_list":["post-24986","post","type-post","status-publish","format-standard","has-post-thumbnail","hentry","category-nacional"],"jetpack_featured_media_url":"https:\/\/laserenaradio.cl\/web\/wp-content\/uploads\/2026\/03\/mediapiaiextstaticimg_webpFiscalNacionalValenciaEstadosUnidoscrimenDepartamento_source.webp","jetpack_sharing_enabled":true,"_links":{"self":[{"href":"https:\/\/laserenaradio.cl\/web\/wp-json\/wp\/v2\/posts\/24986","targetHints":{"allow":["GET"]}}],"collection":[{"href":"https:\/\/laserenaradio.cl\/web\/wp-json\/wp\/v2\/posts"}],"about":[{"href":"https:\/\/laserenaradio.cl\/web\/wp-json\/wp\/v2\/types\/post"}],"author":[{"embeddable":true,"href":"https:\/\/laserenaradio.cl\/web\/wp-json\/wp\/v2\/users\/2"}],"replies":[{"embeddable":true,"href":"https:\/\/laserenaradio.cl\/web\/wp-json\/wp\/v2\/comments?post=24986"}],"version-history":[{"count":1,"href":"https:\/\/laserenaradio.cl\/web\/wp-json\/wp\/v2\/posts\/24986\/revisions"}],"predecessor-version":[{"id":24987,"href":"https:\/\/laserenaradio.cl\/web\/wp-json\/wp\/v2\/posts\/24986\/revisions\/24987"}],"wp:featuredmedia":[{"embeddable":true,"href":"https:\/\/laserenaradio.cl\/web\/wp-json\/wp\/v2\/media\/24985"}],"wp:attachment":[{"href":"https:\/\/laserenaradio.cl\/web\/wp-json\/wp\/v2\/media?parent=24986"}],"wp:term":[{"taxonomy":"category","embeddable":true,"href":"https:\/\/laserenaradio.cl\/web\/wp-json\/wp\/v2\/categories?post=24986"},{"taxonomy":"post_tag","embeddable":true,"href":"https:\/\/laserenaradio.cl\/web\/wp-json\/wp\/v2\/tags?post=24986"}],"curies":[{"name":"wp","href":"https:\/\/api.w.org\/{rel}","templated":true}]}}