{"id":24980,"date":"2026-03-18T08:33:01","date_gmt":"2026-03-18T11:33:01","guid":{"rendered":"https:\/\/laserenaradio.cl\/web\/?p=24980"},"modified":"2026-03-18T08:33:01","modified_gmt":"2026-03-18T11:33:01","slug":"dos-escolares-detenidos-por-portar-elementos-incendiarios","status":"publish","type":"post","link":"https:\/\/laserenaradio.cl\/web\/2026\/03\/18\/dos-escolares-detenidos-por-portar-elementos-incendiarios\/","title":{"rendered":"Dos escolares detenidos por portar elementos incendiarios."},"content":{"rendered":"<p><a href=\"https:\/\/www.carabineros.cl\/\">Carabineros<\/a> detuvo a dos escolares en la capital, quienes portaban elementos incendiarios y ser\u00edan estudiantes del Liceo de Aplicaci\u00f3n. La captura de ambos escolares se dio el pasado martes en las cercan\u00edas del barrio Meiggs, donde personal uniformado decidi\u00f3 fiscalizar a tres personas que se encontraban en el bandej\u00f3n central de la Alameda. <a href=\"https:\/\/www.carabineros.cl\/\">Carabineros<\/a> motorizados se acercaron a ellos y detectaron que dos de ellos ocultaban botellas con l\u00edquido inflamable y guantes. Incluso, uno ten\u00eda un bid\u00f3n con casi cuatro litros de combustible en su mochila.<\/p>\n<p>De este modo, se detuvo a ambos individuos menores de edad. El operativo no qued\u00f3 ah\u00ed. El procedimiento se traslad\u00f3 al Liceo de Aplicaci\u00f3n, recinto al que pertenecer\u00edan los escolares, donde en los ba\u00f1os fueron encontradas seis botellas de vidrio con l\u00edquido acelerante. El teniente coronel Bernardo Leiva, prefecto subrogante de la Prefectura Santiago Central, resalt\u00f3 que se &#8220;logr\u00f3 la detenci\u00f3n de dos estudiantes menores de edad y un control de identidad de un tercer estudiante&#8221;.<\/p>\n<p>Los dos menores estudiantes detenidos portaban elementos que habitualmente se utilizan para la construcci\u00f3n de elementos incendiarios, que ponen en riesgo la seguridad de los carabineros y transe\u00fantes del sector.<\/p>\n<p><small><i><strong>Aviso de transparencia:<\/strong> Este art\u00edculo ha sido elaborado con la asistencia de Inteligencia Artificial para optimizar el procesamiento de informaci\u00f3n. Sin embargo, todo el contenido ha sido revisado, editado y validado por el equipo period\u00edstico de <strong><a href=\"https:\/\/laserenaradio.cl\/web\/\">LaSerenaRadio.cl<\/a><\/strong>, garantizando nuestra l\u00ednea editorial y veracidad informativa.<\/i><\/small><\/p>\n","protected":false},"excerpt":{"rendered":"<p>Carabineros detuvo a dos escolares en la capital, quienes portaban elementos incendiarios y ser\u00edan estudiantes del Liceo de Aplicaci\u00f3n. La captura de ambos escolares se dio el pasado martes en las cercan\u00edas del barrio Meiggs, donde personal uniformado decidi\u00f3 fiscalizar a tres personas que se encontraban en el bandej\u00f3n central de la Alameda. Carabineros motorizados [&hellip;]<\/p>\n","protected":false},"author":2,"featured_media":24979,"comment_status":"closed","ping_status":"open","sticky":false,"template":"","format":"standard","meta":{"_jetpack_memberships_contains_paid_content":false,"jnews-multi-image_gallery":[],"jnews_single_post":[],"jnews_primary_category":[],"jnews_social_meta":[],"jnews_paywall_metabox":[],"jnews_review":[],"enable_review":"","type":"","name":"","summary":"","brand":"","sku":"","good":[],"bad":[],"score_override":"","override_value":"","rating":[],"price":[],"jnews_override_counter":[],"jnews_post_split":[],"footnotes":""},"categories":[21],"tags":[],"class_list":["post-24980","post","type-post","status-publish","format-standard","has-post-thumbnail","hentry","category-nacional"],"jetpack_featured_media_url":"https:\/\/laserenaradio.cl\/web\/wp-content\/uploads\/2026\/03\/mediapiaiextstaticimg_webprobardetenidoscarabineros_1.webp","jetpack_sharing_enabled":true,"_links":{"self":[{"href":"https:\/\/laserenaradio.cl\/web\/wp-json\/wp\/v2\/posts\/24980","targetHints":{"allow":["GET"]}}],"collection":[{"href":"https:\/\/laserenaradio.cl\/web\/wp-json\/wp\/v2\/posts"}],"about":[{"href":"https:\/\/laserenaradio.cl\/web\/wp-json\/wp\/v2\/types\/post"}],"author":[{"embeddable":true,"href":"https:\/\/laserenaradio.cl\/web\/wp-json\/wp\/v2\/users\/2"}],"replies":[{"embeddable":true,"href":"https:\/\/laserenaradio.cl\/web\/wp-json\/wp\/v2\/comments?post=24980"}],"version-history":[{"count":1,"href":"https:\/\/laserenaradio.cl\/web\/wp-json\/wp\/v2\/posts\/24980\/revisions"}],"predecessor-version":[{"id":24981,"href":"https:\/\/laserenaradio.cl\/web\/wp-json\/wp\/v2\/posts\/24980\/revisions\/24981"}],"wp:featuredmedia":[{"embeddable":true,"href":"https:\/\/laserenaradio.cl\/web\/wp-json\/wp\/v2\/media\/24979"}],"wp:attachment":[{"href":"https:\/\/laserenaradio.cl\/web\/wp-json\/wp\/v2\/media?parent=24980"}],"wp:term":[{"taxonomy":"category","embeddable":true,"href":"https:\/\/laserenaradio.cl\/web\/wp-json\/wp\/v2\/categories?post=24980"},{"taxonomy":"post_tag","embeddable":true,"href":"https:\/\/laserenaradio.cl\/web\/wp-json\/wp\/v2\/tags?post=24980"}],"curies":[{"name":"wp","href":"https:\/\/api.w.org\/{rel}","templated":true}]}}