{"id":24890,"date":"2026-03-16T08:35:41","date_gmt":"2026-03-16T11:35:41","guid":{"rendered":"https:\/\/laserenaradio.cl\/web\/?p=24890"},"modified":"2026-03-16T08:35:41","modified_gmt":"2026-03-16T11:35:41","slug":"precipitaciones-intensas-en-nuble","status":"publish","type":"post","link":"https:\/\/laserenaradio.cl\/web\/2026\/03\/16\/precipitaciones-intensas-en-nuble\/","title":{"rendered":"Precipitaciones intensas en \u00d1uble"},"content":{"rendered":"<p>Casi 60 mm de precipitaciones cayeron durante la jornada de este domingo en la regi\u00f3n de \u00d1uble debido al sistema frontal que afect\u00f3 a parte del centro sur del pa\u00eds. <\/p>\n<p>En la provincia de Diguill\u00edn se registr\u00f3 el peak de agua ca\u00edda, espec\u00edficamente en la estaci\u00f3n que lleva ese nombre, alcanzando los 56 mm de agua. <\/p>\n<p>Por otra parte, el viento estuvo presente desde la madrugada del domingo y acompa\u00f1\u00f3 casi todo el d\u00eda a los habitantes, dejando algunos \u00e1rboles ca\u00eddos, los que produjeron, por momentos, algunos cortes de ruta. <\/p>\n<p>El delegado presidencial de \u00d1uble, Diego Sep\u00falveda, as\u00ed lo confirm\u00f3. El \u00faltimo reporte hidrom\u00e9trico mostraba que 53.6 mm de agua se acumularon en Chill\u00e1n y 53.1 en Pinto. Adem\u00e1s, en la estaci\u00f3n Volc\u00e1n Chill\u00e1n alcanzaron hasta 6 cent\u00edmetros de nieve durante este evento meteorol\u00f3gico. <\/p>\n<p>Al cierre de este informe, la regi\u00f3n se mantiene con Alerta Temprana Preventiva, debido a que durante la noche del domingo y madrugada del lunes se prev\u00e9 la continuaci\u00f3n del sistema frontal, el cual va a la baja en su intensidad.<\/p>\n<p><small><i><strong>Aviso de transparencia:<\/strong> Este art\u00edculo ha sido elaborado con la asistencia de Inteligencia Artificial para optimizar el procesamiento de informaci\u00f3n. Sin embargo, todo el contenido ha sido revisado, editado y validado por el equipo period\u00edstico de <strong><a href=\"https:\/\/laserenaradio.cl\/web\/\">LaSerenaRadio.cl<\/a><\/strong>, garantizando nuestra l\u00ednea editorial y veracidad informativa.<\/i><\/small><\/p>\n","protected":false},"excerpt":{"rendered":"<p>Casi 60 mm de precipitaciones cayeron durante la jornada de este domingo en la regi\u00f3n de \u00d1uble debido al sistema frontal que afect\u00f3 a parte del centro sur del pa\u00eds. En la provincia de Diguill\u00edn se registr\u00f3 el peak de agua ca\u00edda, espec\u00edficamente en la estaci\u00f3n que lleva ese nombre, alcanzando los 56 mm de [&hellip;]<\/p>\n","protected":false},"author":2,"featured_media":24889,"comment_status":"closed","ping_status":"open","sticky":false,"template":"","format":"standard","meta":{"_jetpack_memberships_contains_paid_content":false,"jnews-multi-image_gallery":[],"jnews_single_post":[],"jnews_primary_category":[],"jnews_social_meta":[],"jnews_paywall_metabox":[],"jnews_review":[],"enable_review":"","type":"","name":"","summary":"","brand":"","sku":"","good":[],"bad":[],"score_override":"","override_value":"","rating":[],"price":[],"jnews_override_counter":[],"jnews_post_split":[],"footnotes":""},"categories":[21],"tags":[],"class_list":["post-24890","post","type-post","status-publish","format-standard","has-post-thumbnail","hentry","category-nacional"],"jetpack_featured_media_url":"https:\/\/laserenaradio.cl\/web\/wp-content\/uploads\/2026\/03\/mediapiaiextstaticimg_webpPrecipitacionesNuble_0.webp","jetpack_sharing_enabled":true,"_links":{"self":[{"href":"https:\/\/laserenaradio.cl\/web\/wp-json\/wp\/v2\/posts\/24890","targetHints":{"allow":["GET"]}}],"collection":[{"href":"https:\/\/laserenaradio.cl\/web\/wp-json\/wp\/v2\/posts"}],"about":[{"href":"https:\/\/laserenaradio.cl\/web\/wp-json\/wp\/v2\/types\/post"}],"author":[{"embeddable":true,"href":"https:\/\/laserenaradio.cl\/web\/wp-json\/wp\/v2\/users\/2"}],"replies":[{"embeddable":true,"href":"https:\/\/laserenaradio.cl\/web\/wp-json\/wp\/v2\/comments?post=24890"}],"version-history":[{"count":1,"href":"https:\/\/laserenaradio.cl\/web\/wp-json\/wp\/v2\/posts\/24890\/revisions"}],"predecessor-version":[{"id":24891,"href":"https:\/\/laserenaradio.cl\/web\/wp-json\/wp\/v2\/posts\/24890\/revisions\/24891"}],"wp:featuredmedia":[{"embeddable":true,"href":"https:\/\/laserenaradio.cl\/web\/wp-json\/wp\/v2\/media\/24889"}],"wp:attachment":[{"href":"https:\/\/laserenaradio.cl\/web\/wp-json\/wp\/v2\/media?parent=24890"}],"wp:term":[{"taxonomy":"category","embeddable":true,"href":"https:\/\/laserenaradio.cl\/web\/wp-json\/wp\/v2\/categories?post=24890"},{"taxonomy":"post_tag","embeddable":true,"href":"https:\/\/laserenaradio.cl\/web\/wp-json\/wp\/v2\/tags?post=24890"}],"curies":[{"name":"wp","href":"https:\/\/api.w.org\/{rel}","templated":true}]}}