{"id":24884,"date":"2026-03-15T13:17:46","date_gmt":"2026-03-15T16:17:46","guid":{"rendered":"https:\/\/laserenaradio.cl\/web\/?p=24884"},"modified":"2026-03-15T13:17:46","modified_gmt":"2026-03-15T16:17:46","slug":"emiten-un-aviso-por-probable-desarrollo-de-nubes-convectivas-con-caracteristicas-tornadicas-en-tramo-sur-de-la-region-de-los-rios-y-tramo-norte-de-la-region-de-los-lagos","status":"publish","type":"post","link":"https:\/\/laserenaradio.cl\/web\/2026\/03\/15\/emiten-un-aviso-por-probable-desarrollo-de-nubes-convectivas-con-caracteristicas-tornadicas-en-tramo-sur-de-la-region-de-los-rios-y-tramo-norte-de-la-region-de-los-lagos\/","title":{"rendered":"Emiten un Aviso por Probable desarrollo de Nubes Convectivas con caracter\u00edsticas torn\u00e1dicas en Tramo sur de la regi\u00f3n de Los R\u00edos y Tramo norte de la regi\u00f3n de Los Lagos"},"content":{"rendered":"<p>Desde la Direcci\u00f3n Meteorol\u00f3gica de Chile, emitieron el Aviso A122\/2026 por Nubes Convectivas Torn\u00e1dicas debido a la condici\u00f3n sin\u00f3ptica Inestabilidad atmosf\u00e9rica.<\/p>\n<p>En detalle, la <a href=\"http:\/\/www.meteochile.gob.cl\/PortalDMC-web\/index.xhtml\" rel=\"nofollow\">Direcci\u00f3n Meteorol\u00f3gica de Chile<\/a>, indica que este fen\u00f3meno se encontrar\u00e1 vigente desde <strong>la ma\u00f1ana del lunes 16 de marzo del 2026<\/strong> y hasta <strong>la tarde del lunes 16 de marzo del 2026<\/strong>.<\/p>\n<p>Las zonas afectadas por la condici\u00f3n ser\u00edan: Tramo sur de la regi\u00f3n de Los R\u00edos y Tramo norte de la regi\u00f3n de Los Lagos<\/p>\n<p>Debido a esta condici\u00f3n, se llama a tener precauci\u00f3n y cautela por el Aviso vigente por Probable desarrollo de Nubes Convectivas con caracter\u00edsticas torn\u00e1dicas en Tramo sur de la regi\u00f3n de Los R\u00edos y Tramo norte de la regi\u00f3n de Los Lagos.<\/p>\n","protected":false},"excerpt":{"rendered":"<p>Desde la Direcci\u00f3n Meteorol\u00f3gica de Chile, emitieron el Aviso A122\/2026 por Nubes Convectivas Torn\u00e1dicas debido a la condici\u00f3n sin\u00f3ptica Inestabilidad atmosf\u00e9rica. En detalle, la Direcci\u00f3n Meteorol\u00f3gica de Chile, indica que este fen\u00f3meno se encontrar\u00e1 vigente desde la ma\u00f1ana del lunes 16 de marzo del 2026 y hasta la tarde del lunes 16 de marzo del [&hellip;]<\/p>\n","protected":false},"author":2,"featured_media":24883,"comment_status":"closed","ping_status":"open","sticky":false,"template":"","format":"standard","meta":{"_jetpack_memberships_contains_paid_content":false,"jnews-multi-image_gallery":[],"jnews_single_post":[],"jnews_primary_category":[],"jnews_social_meta":[],"jnews_paywall_metabox":[],"jnews_review":[],"enable_review":"","type":"","name":"","summary":"","brand":"","sku":"","good":[],"bad":[],"score_override":"","override_value":"","rating":[],"price":[],"jnews_override_counter":[],"jnews_post_split":[],"footnotes":""},"categories":[21],"tags":[],"class_list":["post-24884","post","type-post","status-publish","format-standard","has-post-thumbnail","hentry","category-nacional"],"jetpack_featured_media_url":"https:\/\/laserenaradio.cl\/web\/wp-content\/uploads\/2026\/03\/mediapiaiextstaticimg_webpTramoAvisoNubesConvectivassur_0.webp","jetpack_sharing_enabled":true,"_links":{"self":[{"href":"https:\/\/laserenaradio.cl\/web\/wp-json\/wp\/v2\/posts\/24884","targetHints":{"allow":["GET"]}}],"collection":[{"href":"https:\/\/laserenaradio.cl\/web\/wp-json\/wp\/v2\/posts"}],"about":[{"href":"https:\/\/laserenaradio.cl\/web\/wp-json\/wp\/v2\/types\/post"}],"author":[{"embeddable":true,"href":"https:\/\/laserenaradio.cl\/web\/wp-json\/wp\/v2\/users\/2"}],"replies":[{"embeddable":true,"href":"https:\/\/laserenaradio.cl\/web\/wp-json\/wp\/v2\/comments?post=24884"}],"version-history":[{"count":1,"href":"https:\/\/laserenaradio.cl\/web\/wp-json\/wp\/v2\/posts\/24884\/revisions"}],"predecessor-version":[{"id":24885,"href":"https:\/\/laserenaradio.cl\/web\/wp-json\/wp\/v2\/posts\/24884\/revisions\/24885"}],"wp:featuredmedia":[{"embeddable":true,"href":"https:\/\/laserenaradio.cl\/web\/wp-json\/wp\/v2\/media\/24883"}],"wp:attachment":[{"href":"https:\/\/laserenaradio.cl\/web\/wp-json\/wp\/v2\/media?parent=24884"}],"wp:term":[{"taxonomy":"category","embeddable":true,"href":"https:\/\/laserenaradio.cl\/web\/wp-json\/wp\/v2\/categories?post=24884"},{"taxonomy":"post_tag","embeddable":true,"href":"https:\/\/laserenaradio.cl\/web\/wp-json\/wp\/v2\/tags?post=24884"}],"curies":[{"name":"wp","href":"https:\/\/api.w.org\/{rel}","templated":true}]}}