{"id":24878,"date":"2026-03-15T13:14:56","date_gmt":"2026-03-15T16:14:56","guid":{"rendered":"https:\/\/laserenaradio.cl\/web\/?p=24878"},"modified":"2026-03-15T13:14:56","modified_gmt":"2026-03-15T16:14:56","slug":"la-u-vencio-a-coquimbo-unido","status":"publish","type":"post","link":"https:\/\/laserenaradio.cl\/web\/2026\/03\/15\/la-u-vencio-a-coquimbo-unido\/","title":{"rendered":"La U venci\u00f3 a Coquimbo Unido"},"content":{"rendered":"<p>El hist\u00f3rico goleador de la U, Pedro Gonz\u00e1lez, analiz\u00f3 la victoria ante Coquimbo Unido y destac\u00f3 el rendimiento del juvenil de 17 a\u00f1os, Jhon Cort\u00e9s. La salida del entrenador descomprimi\u00f3 el ambiente y que este s\u00e1bado fue al estadio Francisco S\u00e1nchez Rumoroso y le gan\u00f3 para meterse de lleno en la pelea. Los azules se impusieron por 1-0  en una jugada que sali\u00f3 desde la banda izquierda y de la cual particip\u00f3 el volante ofensivo de 17 a\u00f1os que tuvo su estreno en la U. <\/p>\n<p>El colombiano-chileno se estren\u00f3 en el primer equipo laico, jug\u00f3 26 minutos y ese tiempo en la cancha dej\u00f3 maravillado al hist\u00f3rico universitario. Pedro Gonz\u00e1lez analiz\u00f3 el debut de Jhon Cort\u00e9s en la U. Pedro Heidi Gonz\u00e1lez destac\u00f3 la condiciones de Cort\u00e9s y pidi\u00f3 que le sigan dando oportunidades, ya sea el interino Jhon Valladares o el nuevo t\u00e9cnico de la U. &#8220;esperar que siga en la misma onda y que tenga m\u00e1s oportunidades. A veces los muchachos juegan un rato bien, lo tiran para atr\u00e1s y nunca m\u00e1s le dan oportunidades\u201d, dijo el zurdo. <\/p>\n<p>Jhon Cort\u00e9s fue felicitado por sus compa\u00f1eros tras la victoria azul. <\/p>\n<p><small><i><strong>Aviso de transparencia:<\/strong> Este art\u00edculo ha sido elaborado con la asistencia de Inteligencia Artificial para optimizar el procesamiento de informaci\u00f3n. Sin embargo, todo el contenido ha sido revisado, editado y validado por el equipo period\u00edstico de <strong><a href=\"https:\/\/laserenaradio.cl\/web\/\">LaSerenaRadio.cl<\/a><\/strong>, garantizando nuestra l\u00ednea editorial y veracidad informativa.<\/i><\/small><\/p>\n","protected":false},"excerpt":{"rendered":"<p>El hist\u00f3rico goleador de la U, Pedro Gonz\u00e1lez, analiz\u00f3 la victoria ante Coquimbo Unido y destac\u00f3 el rendimiento del juvenil de 17 a\u00f1os, Jhon Cort\u00e9s. La salida del entrenador descomprimi\u00f3 el ambiente y que este s\u00e1bado fue al estadio Francisco S\u00e1nchez Rumoroso y le gan\u00f3 para meterse de lleno en la pelea. Los azules se [&hellip;]<\/p>\n","protected":false},"author":2,"featured_media":24877,"comment_status":"closed","ping_status":"open","sticky":false,"template":"","format":"standard","meta":{"_jetpack_memberships_contains_paid_content":false,"jnews-multi-image_gallery":[],"jnews_single_post":[],"jnews_primary_category":[],"jnews_social_meta":[],"jnews_paywall_metabox":[],"jnews_review":[],"enable_review":"","type":"","name":"","summary":"","brand":"","sku":"","good":[],"bad":[],"score_override":"","override_value":"","rating":[],"price":[],"jnews_override_counter":[],"jnews_post_split":[],"footnotes":""},"categories":[84],"tags":[],"class_list":["post-24878","post","type-post","status-publish","format-standard","has-post-thumbnail","hentry","category-deportes"],"jetpack_featured_media_url":"https:\/\/laserenaradio.cl\/web\/wp-content\/uploads\/2026\/03\/mediapiaiextstaticimg_webpCoquimboUnidoCaputtoCoquimboUnidoUniversidadprepara_source.webp","jetpack_sharing_enabled":true,"_links":{"self":[{"href":"https:\/\/laserenaradio.cl\/web\/wp-json\/wp\/v2\/posts\/24878","targetHints":{"allow":["GET"]}}],"collection":[{"href":"https:\/\/laserenaradio.cl\/web\/wp-json\/wp\/v2\/posts"}],"about":[{"href":"https:\/\/laserenaradio.cl\/web\/wp-json\/wp\/v2\/types\/post"}],"author":[{"embeddable":true,"href":"https:\/\/laserenaradio.cl\/web\/wp-json\/wp\/v2\/users\/2"}],"replies":[{"embeddable":true,"href":"https:\/\/laserenaradio.cl\/web\/wp-json\/wp\/v2\/comments?post=24878"}],"version-history":[{"count":1,"href":"https:\/\/laserenaradio.cl\/web\/wp-json\/wp\/v2\/posts\/24878\/revisions"}],"predecessor-version":[{"id":24879,"href":"https:\/\/laserenaradio.cl\/web\/wp-json\/wp\/v2\/posts\/24878\/revisions\/24879"}],"wp:featuredmedia":[{"embeddable":true,"href":"https:\/\/laserenaradio.cl\/web\/wp-json\/wp\/v2\/media\/24877"}],"wp:attachment":[{"href":"https:\/\/laserenaradio.cl\/web\/wp-json\/wp\/v2\/media?parent=24878"}],"wp:term":[{"taxonomy":"category","embeddable":true,"href":"https:\/\/laserenaradio.cl\/web\/wp-json\/wp\/v2\/categories?post=24878"},{"taxonomy":"post_tag","embeddable":true,"href":"https:\/\/laserenaradio.cl\/web\/wp-json\/wp\/v2\/tags?post=24878"}],"curies":[{"name":"wp","href":"https:\/\/api.w.org\/{rel}","templated":true}]}}