{"id":24866,"date":"2026-03-14T22:54:15","date_gmt":"2026-03-15T01:54:15","guid":{"rendered":"https:\/\/laserenaradio.cl\/web\/?p=24866"},"modified":"2026-03-14T22:54:15","modified_gmt":"2026-03-15T01:54:15","slug":"corte-de-suministro-electrico-afecta-a-1277-clientes-en-coltauco","status":"publish","type":"post","link":"https:\/\/laserenaradio.cl\/web\/2026\/03\/14\/corte-de-suministro-electrico-afecta-a-1277-clientes-en-coltauco\/","title":{"rendered":"Corte de suministro el\u00e9ctrico afecta a 1277 clientes en Coltauco"},"content":{"rendered":"<p>Se ha reportado un corte de energ\u00eda de emergencia en la comuna de Coltauco.<\/p>\n<p>Seg\u00fan la informaci\u00f3n proporcionada por CGE, el incidente afecta actualmente a 1277 clientes.<\/p>\n<p>La zona afectada comprende los sectores de: Ruta H-368, Coltauco, Provincia de Cachapoal, Chile<\/p>\n<p>Detalle t\u00e9cnico: Clientes afectados: 1277<br \/>Restauraci&#243;n estimada: 15\/03\/2026 00:00 hrs<\/p>\n<p>Recomendaciones<\/p>\n<p>Mantenga sus dispositivos cargados y evite abrir refrigeradores innecesariamente para conservar el fr\u00edo.<\/p>\n","protected":false},"excerpt":{"rendered":"<p>Se ha reportado un corte de energ\u00eda de emergencia en la comuna de Coltauco. Seg\u00fan la informaci\u00f3n proporcionada por CGE, el incidente afecta actualmente a 1277 clientes. La zona afectada comprende los sectores de: Ruta H-368, Coltauco, Provincia de Cachapoal, Chile Detalle t\u00e9cnico: Clientes afectados: 1277Restauraci&#243;n estimada: 15\/03\/2026 00:00 hrs Recomendaciones Mantenga sus dispositivos cargados [&hellip;]<\/p>\n","protected":false},"author":2,"featured_media":24865,"comment_status":"closed","ping_status":"open","sticky":false,"template":"","format":"standard","meta":{"_jetpack_memberships_contains_paid_content":false,"jnews-multi-image_gallery":[],"jnews_single_post":[],"jnews_primary_category":[],"jnews_social_meta":[],"jnews_paywall_metabox":[],"jnews_review":[],"enable_review":"","type":"","name":"","summary":"","brand":"","sku":"","good":[],"bad":[],"score_override":"","override_value":"","rating":[],"price":[],"jnews_override_counter":[],"jnews_post_split":[],"footnotes":""},"categories":[21],"tags":[],"class_list":["post-24866","post","type-post","status-publish","format-standard","has-post-thumbnail","hentry","category-nacional"],"jetpack_featured_media_url":"https:\/\/laserenaradio.cl\/web\/wp-content\/uploads\/2026\/03\/mediapiaiextstaticimg_cgecorte_cge_34296987108208.webp","jetpack_sharing_enabled":true,"_links":{"self":[{"href":"https:\/\/laserenaradio.cl\/web\/wp-json\/wp\/v2\/posts\/24866","targetHints":{"allow":["GET"]}}],"collection":[{"href":"https:\/\/laserenaradio.cl\/web\/wp-json\/wp\/v2\/posts"}],"about":[{"href":"https:\/\/laserenaradio.cl\/web\/wp-json\/wp\/v2\/types\/post"}],"author":[{"embeddable":true,"href":"https:\/\/laserenaradio.cl\/web\/wp-json\/wp\/v2\/users\/2"}],"replies":[{"embeddable":true,"href":"https:\/\/laserenaradio.cl\/web\/wp-json\/wp\/v2\/comments?post=24866"}],"version-history":[{"count":1,"href":"https:\/\/laserenaradio.cl\/web\/wp-json\/wp\/v2\/posts\/24866\/revisions"}],"predecessor-version":[{"id":24867,"href":"https:\/\/laserenaradio.cl\/web\/wp-json\/wp\/v2\/posts\/24866\/revisions\/24867"}],"wp:featuredmedia":[{"embeddable":true,"href":"https:\/\/laserenaradio.cl\/web\/wp-json\/wp\/v2\/media\/24865"}],"wp:attachment":[{"href":"https:\/\/laserenaradio.cl\/web\/wp-json\/wp\/v2\/media?parent=24866"}],"wp:term":[{"taxonomy":"category","embeddable":true,"href":"https:\/\/laserenaradio.cl\/web\/wp-json\/wp\/v2\/categories?post=24866"},{"taxonomy":"post_tag","embeddable":true,"href":"https:\/\/laserenaradio.cl\/web\/wp-json\/wp\/v2\/tags?post=24866"}],"curies":[{"name":"wp","href":"https:\/\/api.w.org\/{rel}","templated":true}]}}