{"id":24863,"date":"2026-03-14T22:52:48","date_gmt":"2026-03-15T01:52:48","guid":{"rendered":"https:\/\/laserenaradio.cl\/web\/?p=24863"},"modified":"2026-03-14T22:52:48","modified_gmt":"2026-03-15T01:52:48","slug":"municipalidades-y-autoridades-trabajan-juntas-para-frenar-la-escalada-de-asaltos-a-viviendas","status":"publish","type":"post","link":"https:\/\/laserenaradio.cl\/web\/2026\/03\/14\/municipalidades-y-autoridades-trabajan-juntas-para-frenar-la-escalada-de-asaltos-a-viviendas\/","title":{"rendered":"Municipalidades y autoridades trabajan juntas para frenar la escalada de asaltos a viviendas."},"content":{"rendered":"<p>Los homicidios y asaltos a viviendas persisten en varias comunas de la regi\u00f3n Metropolitana, lo que ha llevado a las autoridades locales a adoptar medidas preventivas. \u00cdtalo Bravo, alcalde de Pudahuel, ha intensificado el trabajo conjunto con <a href=\"https:\/\/www.carabineros.cl\/\">Carabineros<\/a>, implementando fiscalizaciones para controlar el uso de armas y impulsando instancias de mediaci\u00f3n comunitaria para prevenir conflictos. <\/p>\n<p>Por su parte, Luis Astudillo, alcalde de Pedro Aguirre Cerda, ha coordinado patrullajes mixtos con Seguridad Ciudadana y <a href=\"https:\/\/www.carabineros.cl\/\">Carabineros<\/a>, adem\u00e1s de operativos de retiros de rucos y el Plan Ruta Segura, enfocados en la locomoci\u00f3n colectiva y establecimientos educacionales.<\/p>\n<p>Ana Victoria Quintana, subsecretaria de Prevenci\u00f3n del Delito, ha trabajado con <a href=\"https:\/\/www.carabineros.cl\/\">Carabineros<\/a> de Chile y Polic\u00eda de Investigaciones para establecer coordinaciones y generar estad\u00edsticas que permitan comprender el comportamiento de los delincuentes. <\/p>\n<p>En una reuni\u00f3n el 13 de marzo, Ana Victoria Quintana se reuni\u00f3 con entidades municipales como la Asociaci\u00f3n Chilena de Municipalidades y la Asociaci\u00f3n de Municipios Rurales, donde se discutieron los desaf\u00edos operativos y las responsabilidades de los municipios bajo la ley. Los alcaldes propusieron un trabajo coordinado entre el gobierno central y los municipios.<\/p>\n<p><small><i><strong>Aviso de transparencia:<\/strong> Este art\u00edculo ha sido elaborado con la asistencia de Inteligencia Artificial para optimizar el procesamiento de informaci\u00f3n. Sin embargo, todo el contenido ha sido revisado, editado y validado por el equipo period\u00edstico de <strong><a href=\"https:\/\/laserenaradio.cl\/web\/\">LaSerenaRadio.cl<\/a><\/strong>, garantizando nuestra l\u00ednea editorial y veracidad informativa.<\/i><\/small><\/p>\n","protected":false},"excerpt":{"rendered":"<p>Los homicidios y asaltos a viviendas persisten en varias comunas de la regi\u00f3n Metropolitana, lo que ha llevado a las autoridades locales a adoptar medidas preventivas. \u00cdtalo Bravo, alcalde de Pudahuel, ha intensificado el trabajo conjunto con Carabineros, implementando fiscalizaciones para controlar el uso de armas y impulsando instancias de mediaci\u00f3n comunitaria para prevenir conflictos. [&hellip;]<\/p>\n","protected":false},"author":2,"featured_media":24862,"comment_status":"closed","ping_status":"open","sticky":false,"template":"","format":"standard","meta":{"_jetpack_memberships_contains_paid_content":false,"jnews-multi-image_gallery":[],"jnews_single_post":[],"jnews_primary_category":[],"jnews_social_meta":[],"jnews_paywall_metabox":[],"jnews_review":[],"enable_review":"","type":"","name":"","summary":"","brand":"","sku":"","good":[],"bad":[],"score_override":"","override_value":"","rating":[],"price":[],"jnews_override_counter":[],"jnews_post_split":[],"footnotes":""},"categories":[21],"tags":[],"class_list":["post-24863","post","type-post","status-publish","format-standard","has-post-thumbnail","hentry","category-nacional"],"jetpack_featured_media_url":"https:\/\/laserenaradio.cl\/web\/wp-content\/uploads\/2026\/03\/mediapiaiextstaticimg_webpMunicipalidadescarabineros_1.webp","jetpack_sharing_enabled":true,"_links":{"self":[{"href":"https:\/\/laserenaradio.cl\/web\/wp-json\/wp\/v2\/posts\/24863","targetHints":{"allow":["GET"]}}],"collection":[{"href":"https:\/\/laserenaradio.cl\/web\/wp-json\/wp\/v2\/posts"}],"about":[{"href":"https:\/\/laserenaradio.cl\/web\/wp-json\/wp\/v2\/types\/post"}],"author":[{"embeddable":true,"href":"https:\/\/laserenaradio.cl\/web\/wp-json\/wp\/v2\/users\/2"}],"replies":[{"embeddable":true,"href":"https:\/\/laserenaradio.cl\/web\/wp-json\/wp\/v2\/comments?post=24863"}],"version-history":[{"count":1,"href":"https:\/\/laserenaradio.cl\/web\/wp-json\/wp\/v2\/posts\/24863\/revisions"}],"predecessor-version":[{"id":24864,"href":"https:\/\/laserenaradio.cl\/web\/wp-json\/wp\/v2\/posts\/24863\/revisions\/24864"}],"wp:featuredmedia":[{"embeddable":true,"href":"https:\/\/laserenaradio.cl\/web\/wp-json\/wp\/v2\/media\/24862"}],"wp:attachment":[{"href":"https:\/\/laserenaradio.cl\/web\/wp-json\/wp\/v2\/media?parent=24863"}],"wp:term":[{"taxonomy":"category","embeddable":true,"href":"https:\/\/laserenaradio.cl\/web\/wp-json\/wp\/v2\/categories?post=24863"},{"taxonomy":"post_tag","embeddable":true,"href":"https:\/\/laserenaradio.cl\/web\/wp-json\/wp\/v2\/tags?post=24863"}],"curies":[{"name":"wp","href":"https:\/\/api.w.org\/{rel}","templated":true}]}}