{"id":24848,"date":"2026-03-14T15:02:49","date_gmt":"2026-03-14T18:02:49","guid":{"rendered":"https:\/\/laserenaradio.cl\/web\/?p=24848"},"modified":"2026-03-14T15:02:49","modified_gmt":"2026-03-14T18:02:49","slug":"kast-anuncia-proyecto-de-ley-de-reconstruccion-nacional","status":"publish","type":"post","link":"https:\/\/laserenaradio.cl\/web\/2026\/03\/14\/kast-anuncia-proyecto-de-ley-de-reconstruccion-nacional\/","title":{"rendered":"Kast anuncia proyecto de ley de Reconstrucci\u00f3n Nacional"},"content":{"rendered":"<p>El presidente Jos\u00e9 Antonio Kast visit\u00f3 Lirqu\u00e9n, en Penco, anunciando el proyecto de ley de Reconstrucci\u00f3n Nacional, enfocado en la reactivaci\u00f3n econ\u00f3mica y el orden fiscal. En su discurso, critic\u00f3 la gesti\u00f3n de Gabriel Boric, argumentando que el crecimiento se estanc\u00f3 y las finanzas p\u00fablicas se deterioraron.<\/p>\n<p>El borrador de esta ley incluye 40 medidas, entre las que se encuentran la reconstrucci\u00f3n de \u00e1reas afectadas por incendios forestales en B\u00edo B\u00edo, \u00d1uble y Valpara\u00edso. Tambi\u00e9n propone acciones econ\u00f3micas como la eliminaci\u00f3n transitoria del IVA en la compra de primeras viviendas durante 12 meses; la reducci\u00f3n de la tasa corporativa del 27% al 23%; la reintegraci\u00f3n del sistema tributario; el subsidio para la protecci\u00f3n del empleo formal; y la agilizaci\u00f3n de permisos ambientales y sectoriales.<\/p>\n<p>Kast enfatiz\u00f3 que recibieron un gobierno en peores condiciones de las que se imaginaban, negando que esto sirva como excusa para no enfrentar los problemas. &#8220;Chile sufri\u00f3 una crisis econ\u00f3mica; el crecimiento se estanc\u00f3 y la regi\u00f3n experiment\u00f3 el dolor del desempleo y la falta de dignidad&#8221;, afirm\u00f3, a\u00f1adiendo que la productividad baj\u00f3 y el empleo formal disminuy\u00f3.<\/p>\n<p>En el \u00e1mbito fiscal, el mandatario anunci\u00f3 ajustes a la gratuidad universitaria y otros cambios. Puntualiz\u00f3 que en los \u00faltimos 18 a\u00f1os, Chile ha tenido un d\u00e9ficit en 16, con una deuda que creci\u00f3 del 5% del PIB en 2008 al 42% actual. &#8220;\u00bfQu\u00e9 familia puede resistir endeud\u00e1ndose 16 de 18 a\u00f1os?&#8221;, cuestion\u00f3, advirtiendo que un pa\u00eds con alto endeudamiento pierde credibilidad.<\/p>\n<p>El presidente indic\u00f3 que quieren que el mundo vuelva a confiar en Chile, subrayando la necesidad de tomar medidas que a veces son impopulares. &#8220;Al principio alguien va a decir &#8216;me quitaron esto&#8217;, pero se lo quitaron porque alguien les minti\u00f3&#8221;, explic\u00f3, concluyendo que se necesita un cambio para ganar confianza y mejorar la econom\u00eda.<\/p>\n<p><small><i><strong>Aviso de transparencia:<\/strong> Este art\u00edculo ha sido elaborado con la asistencia de Inteligencia Artificial para optimizar el procesamiento de informaci\u00f3n. Sin embargo, todo el contenido ha sido revisado, editado y validado por el equipo period\u00edstico de <strong><a href=\"https:\/\/laserenaradio.cl\/web\/\">LaSerenaRadio.cl<\/a><\/strong>, garantizando nuestra l\u00ednea editorial y veracidad informativa.<\/i><\/small><\/p>\n","protected":false},"excerpt":{"rendered":"<p>El presidente Jos\u00e9 Antonio Kast visit\u00f3 Lirqu\u00e9n, en Penco, anunciando el proyecto de ley de Reconstrucci\u00f3n Nacional, enfocado en la reactivaci\u00f3n econ\u00f3mica y el orden fiscal. En su discurso, critic\u00f3 la gesti\u00f3n de Gabriel Boric, argumentando que el crecimiento se estanc\u00f3 y las finanzas p\u00fablicas se deterioraron. El borrador de esta ley incluye 40 medidas, [&hellip;]<\/p>\n","protected":false},"author":2,"featured_media":9077,"comment_status":"closed","ping_status":"open","sticky":false,"template":"","format":"standard","meta":{"_jetpack_memberships_contains_paid_content":false,"jnews-multi-image_gallery":[],"jnews_single_post":[],"jnews_primary_category":[],"jnews_social_meta":[],"jnews_paywall_metabox":[],"jnews_review":[],"enable_review":"","type":"","name":"","summary":"","brand":"","sku":"","good":[],"bad":[],"score_override":"","override_value":"","rating":[],"price":[],"jnews_override_counter":[],"jnews_post_split":[],"footnotes":""},"categories":[83],"tags":[],"class_list":["post-24848","post","type-post","status-publish","format-standard","has-post-thumbnail","hentry","category-politica"],"jetpack_featured_media_url":"https:\/\/laserenaradio.cl\/web\/wp-content\/uploads\/2024\/12\/laserenaradio_politica.webp","jetpack_sharing_enabled":true,"_links":{"self":[{"href":"https:\/\/laserenaradio.cl\/web\/wp-json\/wp\/v2\/posts\/24848","targetHints":{"allow":["GET"]}}],"collection":[{"href":"https:\/\/laserenaradio.cl\/web\/wp-json\/wp\/v2\/posts"}],"about":[{"href":"https:\/\/laserenaradio.cl\/web\/wp-json\/wp\/v2\/types\/post"}],"author":[{"embeddable":true,"href":"https:\/\/laserenaradio.cl\/web\/wp-json\/wp\/v2\/users\/2"}],"replies":[{"embeddable":true,"href":"https:\/\/laserenaradio.cl\/web\/wp-json\/wp\/v2\/comments?post=24848"}],"version-history":[{"count":1,"href":"https:\/\/laserenaradio.cl\/web\/wp-json\/wp\/v2\/posts\/24848\/revisions"}],"predecessor-version":[{"id":24849,"href":"https:\/\/laserenaradio.cl\/web\/wp-json\/wp\/v2\/posts\/24848\/revisions\/24849"}],"wp:featuredmedia":[{"embeddable":true,"href":"https:\/\/laserenaradio.cl\/web\/wp-json\/wp\/v2\/media\/9077"}],"wp:attachment":[{"href":"https:\/\/laserenaradio.cl\/web\/wp-json\/wp\/v2\/media?parent=24848"}],"wp:term":[{"taxonomy":"category","embeddable":true,"href":"https:\/\/laserenaradio.cl\/web\/wp-json\/wp\/v2\/categories?post=24848"},{"taxonomy":"post_tag","embeddable":true,"href":"https:\/\/laserenaradio.cl\/web\/wp-json\/wp\/v2\/tags?post=24848"}],"curies":[{"name":"wp","href":"https:\/\/api.w.org\/{rel}","templated":true}]}}