{"id":24846,"date":"2026-03-14T14:33:24","date_gmt":"2026-03-14T17:33:24","guid":{"rendered":"https:\/\/laserenaradio.cl\/web\/?p=24846"},"modified":"2026-03-14T14:33:24","modified_gmt":"2026-03-14T17:33:24","slug":"fallecio-otro-hombre-en-accidente-de-camion-en-renca","status":"publish","type":"post","link":"https:\/\/laserenaradio.cl\/web\/2026\/03\/14\/fallecio-otro-hombre-en-accidente-de-camion-en-renca\/","title":{"rendered":"Falleci\u00f3 otro hombre en accidente de cami\u00f3n en Renca"},"content":{"rendered":"<p>Una nueva v\u00edctima se suma a la fatal explosi\u00f3n en Renca, regi\u00f3n Metropolitana, ocurrida el 19 de febrero. La Municipalidad de San Vicente de Tagua Tagua confirm\u00f3 al fallecido como un hombre oriundo de esa comuna. <\/p>\n<p>El accidente de tr\u00e1nsito de un cami\u00f3n de Gasco, que provoc\u00f3 la explosi\u00f3n, ocurri\u00f3 en la Ruta 5 con la Autopista General Vel\u00e1squez. <\/p>\n<p>La Ilustre Municipalidad de San Vicente expresa su m\u00e1s profundo pesar por el fallecimiento de Mario Antonio Parra Guzm\u00e1n, un querido vecino de su comuna. <\/p>\n<p>Mario ser\u00e1 recordado como una persona trabajadora, alegre y siempre cercana. Un hombre que supo cultivar la amistad y el cari\u00f1o de quienes compartieron con \u00e9l, especialmente de sus hijos, familiares y amigos.<\/p>\n<p>Como comunidad sanvicentana, nos unimos en el recuerdo de su vida y en el abrazo solidario hacia quienes enfrentan esta p\u00e9rdida. <\/p>\n<p>Con la muerte de Mario Parra, ya son 15 las personas que han fallecido producto del fatal accidente.<\/p>\n<p><small><i><strong>Aviso de transparencia:<\/strong> Este art\u00edculo ha sido elaborado con la asistencia de Inteligencia Artificial para optimizar el procesamiento de informaci\u00f3n. Sin embargo, todo el contenido ha sido revisado, editado y validado por el equipo period\u00edstico de <strong><a href=\"https:\/\/laserenaradio.cl\/web\/\">LaSerenaRadio.cl<\/a><\/strong>, garantizando nuestra l\u00ednea editorial y veracidad informativa.<\/i><\/small><\/p>\n","protected":false},"excerpt":{"rendered":"<p>Una nueva v\u00edctima se suma a la fatal explosi\u00f3n en Renca, regi\u00f3n Metropolitana, ocurrida el 19 de febrero. La Municipalidad de San Vicente de Tagua Tagua confirm\u00f3 al fallecido como un hombre oriundo de esa comuna. El accidente de tr\u00e1nsito de un cami\u00f3n de Gasco, que provoc\u00f3 la explosi\u00f3n, ocurri\u00f3 en la Ruta 5 con [&hellip;]<\/p>\n","protected":false},"author":2,"featured_media":24845,"comment_status":"closed","ping_status":"open","sticky":false,"template":"","format":"standard","meta":{"_jetpack_memberships_contains_paid_content":false,"jnews-multi-image_gallery":[],"jnews_single_post":[],"jnews_primary_category":[],"jnews_social_meta":[],"jnews_paywall_metabox":[],"jnews_review":[],"enable_review":"","type":"","name":"","summary":"","brand":"","sku":"","good":[],"bad":[],"score_override":"","override_value":"","rating":[],"price":[],"jnews_override_counter":[],"jnews_post_split":[],"footnotes":""},"categories":[21],"tags":[],"class_list":["post-24846","post","type-post","status-publish","format-standard","has-post-thumbnail","hentry","category-nacional"],"jetpack_featured_media_url":"https:\/\/laserenaradio.cl\/web\/wp-content\/uploads\/2026\/03\/mediapiaiextstaticimg_webpFallecioRenca_0.webp","jetpack_sharing_enabled":true,"_links":{"self":[{"href":"https:\/\/laserenaradio.cl\/web\/wp-json\/wp\/v2\/posts\/24846","targetHints":{"allow":["GET"]}}],"collection":[{"href":"https:\/\/laserenaradio.cl\/web\/wp-json\/wp\/v2\/posts"}],"about":[{"href":"https:\/\/laserenaradio.cl\/web\/wp-json\/wp\/v2\/types\/post"}],"author":[{"embeddable":true,"href":"https:\/\/laserenaradio.cl\/web\/wp-json\/wp\/v2\/users\/2"}],"replies":[{"embeddable":true,"href":"https:\/\/laserenaradio.cl\/web\/wp-json\/wp\/v2\/comments?post=24846"}],"version-history":[{"count":1,"href":"https:\/\/laserenaradio.cl\/web\/wp-json\/wp\/v2\/posts\/24846\/revisions"}],"predecessor-version":[{"id":24847,"href":"https:\/\/laserenaradio.cl\/web\/wp-json\/wp\/v2\/posts\/24846\/revisions\/24847"}],"wp:featuredmedia":[{"embeddable":true,"href":"https:\/\/laserenaradio.cl\/web\/wp-json\/wp\/v2\/media\/24845"}],"wp:attachment":[{"href":"https:\/\/laserenaradio.cl\/web\/wp-json\/wp\/v2\/media?parent=24846"}],"wp:term":[{"taxonomy":"category","embeddable":true,"href":"https:\/\/laserenaradio.cl\/web\/wp-json\/wp\/v2\/categories?post=24846"},{"taxonomy":"post_tag","embeddable":true,"href":"https:\/\/laserenaradio.cl\/web\/wp-json\/wp\/v2\/tags?post=24846"}],"curies":[{"name":"wp","href":"https:\/\/api.w.org\/{rel}","templated":true}]}}